{"id":4451,"date":"2022-10-11T22:30:35","date_gmt":"2022-10-12T03:30:35","guid":{"rendered":"https:\/\/laregionsur.com\/?p=4451"},"modified":"2022-10-11T22:30:35","modified_gmt":"2022-10-12T03:30:35","slug":"diversas-reacciones-tras-acusacion-constitucional-por-fiscal-de-la-nacion","status":"publish","type":"post","link":"https:\/\/laregionsur.com\/?p=4451","title":{"rendered":"Diversas reacciones tras acusaci\u00f3n  constitucional por Fiscal de la Naci\u00f3n"},"content":{"rendered":"<p>Diversas reacciones tras acusaci\u00f3n<\/p>\n<p>constitucional por Fiscal de la Naci\u00f3n<\/p>\n<p>&nbsp;<\/p>\n<ul>\n<li>El Ministerio P\u00fablico se\u00f1ala que esta denuncia contra el presidente Pedro Castillo se da por los presuntos delitos de organizaci\u00f3n criminal, tr\u00e1fico de influencias y colusi\u00f3n, en donde tambi\u00e9n incluyen a los exministros Juan Silva y Geiner Alvarado.<\/li>\n<\/ul>\n<p>&nbsp;<\/p>\n<p>&nbsp;<\/p>\n<p>Peri\u00f3dico Digital La Regi\u00f3n Sur, 11 octubre 2022.- La Fiscal de la Naci\u00f3n, Patricia Benavides Vargas, present\u00f3 ante el Congreso de la Rep\u00fablica una acusaci\u00f3n constitucional contra Pedro Castillo, por los presuntos delitos de organizaci\u00f3n criminal, tr\u00e1fico de influencias y colusi\u00f3n. Adem\u00e1s, desde el Ministerio P\u00fablico se\u00f1alaron que la denuncia constitucional incluye a los exministros del MTC, Juan Silva Villegas y Geiner Alvarado L\u00f3pez.<\/p>\n<p>&nbsp;<\/p>\n<p>En esa l\u00ednea, durante un mensaje junto a fiscales Benavides Vargas calific\u00f3 de \u00ababominable\u00bb que un funcionario se aproveche de su puesto para sacar beneficios propios. \u00abServirse de un cargo p\u00fablico para enriquecimiento personal, resulta criminal y abominable\u00bb, expres\u00f3. Asimismo, sostuvo que \u00abes responsabilidad exclusiva y excluyente del Congreso de la Rep\u00fablica decidir sobre el tr\u00e1mite de la denuncia constitucional\u00bb.<\/p>\n<p>&nbsp;<\/p>\n<p>De otro lado el Congreso inform\u00f3 en un comunicado que ya recibieron en mesa de partes la denuncia constitucional y que ser\u00e1 derivada a la Subcomisi\u00f3n de Acusaciones Constitucionales para su calificaci\u00f3n de acuerdo al art\u00edculo 89 del Parlamento. Frente a ello, \u00bfCu\u00e1l es la posici\u00f3n de los congresistas tras esta denuncia?.<\/p>\n<p>&nbsp;<\/p>\n<p>HABLAN LOS CONGRESISTAS<\/p>\n<p><strong>\u00a0<\/strong><\/p>\n<p><strong>Karol Paredes<\/strong>, en di\u00e1logo con RPP Noticias, se\u00f1al\u00f3 que sus colegas parlamentarios deben reflexionar sobre \u00abla posici\u00f3n frente al Congreso y al pa\u00eds\u00bb. \u00abComo parte del Congreso y Acci\u00f3n Popular, tenemos que generar todas las condiciones para que la investigaci\u00f3n se realice. No podemos estar diciendo que nos investigan porque les caemos mal\u00bb, dijo la congresista.<\/p>\n<p>&nbsp;<\/p>\n<p><strong>Glady Echa\u00edz<\/strong> (Renovaci\u00f3n Popular), se\u00f1al\u00f3 ante la prensa que leer\u00e1 la denuncia constitucional para determinar una opini\u00f3n sobre las investigaciones contra Pedro Castillo y que el caso debe evaluarse en la Subcomisi\u00f3n de Acusaciones Constitucionales, presidida por Lady Camones, extitular del Congreso.<\/p>\n<p>&nbsp;<\/p>\n<p>\u00abDependiendo de lo que se diga, y se ponga y si est\u00e1 bien sustentada lo que se hubiera formulado, la comisi\u00f3n va a tener que trabajar r\u00e1pidamente porque si hablamos de delito de corrupci\u00f3n, es una preocupaci\u00f3n muy grande ya que la corrupci\u00f3n est\u00e1 avanzando de manera sorprendente (&#8230;) Ya se trata de hacer patria\u00bb, se\u00f1al\u00f3 la parlamentaria.<\/p>\n<p>&nbsp;<\/p>\n<p><strong>Jorge Montoya<\/strong>, se\u00f1al\u00f3 en RPP Noticias que actuar\u00e1n con la serenidad correspondiente para analizar la denuncia constitucional del Ministerio P\u00fablico que ya fue presentada al Congreso. \u00abEs una situaci\u00f3n y vamos a afrontarla con la serenidad que corresponde para tomar las acciones que est\u00e1n estipuladas en la Constituci\u00f3n y el Reglamento\u00bb, sostuvo.<\/p>\n<p>&nbsp;<\/p>\n<p><strong>Patricia Chirinos<\/strong> escribi\u00f3 que la Fiscal de la Naci\u00f3n \u00abya dio el primer paso\u00bb. \u00abAhora corresponde al Congreso darle prioridad a esta denuncia y proceder dentro del marco constitucional. El Parlamento debe actuar con moral y consciencia en defensa de los intereses del pueblo peruano\u00bb, escribi\u00f3 en su cuenta de Twitter.<\/p>\n<p>&nbsp;<\/p>\n<p><strong>Digna Calle<\/strong> \u2014quien defendi\u00f3 sus acusaciones por la reuni\u00f3n con Willy Huerta\u2014 se\u00f1al\u00f3 su respldo al trabajo que viene realizando el Ministerio P\u00fablico \u00abfrente al entorno de corrupci\u00f3n de Pedro Castillo\u00bb. Adelant\u00f3 que votar\u00e1 a favor, en caso de una posible suspensi\u00f3n del mandatario, \u00abpara garantizar una investigaci\u00f3n sin obstrucciones\u00bb.<\/p>\n<p>&nbsp;<\/p>\n<p><strong>Alejandro Cavero<\/strong>, quien hizo un llamado al Congreso para ver la denuncia constitucional. \u00abLos peruanos no merecemos este gobierno de corrupci\u00f3n. Es momento que el Congreso est\u00e9 a la altura de la historia\u00bb, escribi\u00f3.<\/p>\n<p><strong>\u00a0<\/strong><\/p>\n<p><strong>H\u00e9ctor Ventura<\/strong> se\u00f1al\u00f3 que el Congreso debe cumplir un rol fundamental frente a la denuncia contra Pedro Castillo. \u00abHoy toca cumplir un rol fundamental de control pol\u00edtico y fiscalizaci\u00f3n exhaustiva, desde el Ministerio P\u00fablico y la Comisi\u00f3n de Fiscalizaci\u00f3n\u00bb, declar\u00f3 en Las Cosas Como Son.<\/p>\n<p>&nbsp;<\/p>\n<p><strong>Kelly Portalatino<\/strong>, vocera de Per\u00fa Libre, declar\u00f3 luego de reunirse con trabajadores de CAS COVID mostr\u00f3 su respaldo al presidente Pedro Castillo. \u00abPor m\u00e1s que el Ministerio P\u00fablico quiera generar una persecusi\u00f3n pol\u00edtica, ser\u00e1 el Pueblo el d\u00eda de hoy demostrando que vamos a respaldar la verdadera democracia de hoy\u00bb, se\u00f1al\u00f3.<\/p>\n<p>&nbsp;<\/p>\n<p><strong>Maria del Carmen<\/strong> Alva manifest\u00f3 su respaldo al trabajo que viene realizando la Fiscal\u00eda. \u00abQue estas acciones y diligencias sirvan para determinar responsabilidades. Caiga quien caiga y pese a quien le pese. La verdad y la justicia por delante\u00bb, coment\u00f3.<\/p>\n<p>&nbsp;<\/p>\n<p><strong>Waldemar Cerr\u00f3n<\/strong> declar\u00f3 que deben realizare las investigaciones pero que no se debe acusar al presidente, sino investigar. \u00abEl tema traer\u00e1 dificultades en el pa\u00eds porque no se est\u00e1 cumpliendo el debido proceso (&#8230;) Cuando alguien esta investigado poco importa la confianza porque los resultados objetivos determinar\u00e1n el resultado. La investigaci\u00f3n tiene que darse pero la acusaci\u00f3n es el tema, debe hacerse cuando culmine su mandato\u00bb, declar\u00f3 en RPP Noticias.<\/p>\n<p>&nbsp;<\/p>\n<p><strong>Guido Bellido<\/strong> dijo que cada congresista deber\u00e1 evaluar de manera independiente la denuncia constitucional contra el mandatario Pedro Castillo. \u00abYo llamo a los congresistas que cada quien analice con exactitud los fundamentos que tienen el Ministerio P\u00fablico y tomar una decisi\u00f3n de manera objetiva con argumentos\u00bb, declar\u00f3 en RPP Noticias<\/p>\n","protected":false},"excerpt":{"rendered":"<p>Diversas reacciones tras acusaci\u00f3n constitucional por Fiscal de la Naci\u00f3n &nbsp; El Ministerio P\u00fablico se\u00f1ala que esta denuncia contra el presidente Pedro Castillo se da por los presuntos delitos de organizaci\u00f3n criminal, tr\u00e1fico de influencias y colusi\u00f3n, en donde tambi\u00e9n incluyen a los exministros Juan Silva y Geiner Alvarado. &nbsp; &nbsp; Peri\u00f3dico Digital La Regi\u00f3n &hellip;<\/p>\n","protected":false},"author":1,"featured_media":4452,"comment_status":"open","ping_status":"open","sticky":false,"template":"","format":"standard","meta":{"footnotes":""},"categories":[40],"tags":[],"class_list":["post-4451","post","type-post","status-publish","format-standard","has-post-thumbnail","","category-nacionales"],"_links":{"self":[{"href":"https:\/\/laregionsur.com\/index.php?rest_route=\/wp\/v2\/posts\/4451","targetHints":{"allow":["GET"]}}],"collection":[{"href":"https:\/\/laregionsur.com\/index.php?rest_route=\/wp\/v2\/posts"}],"about":[{"href":"https:\/\/laregionsur.com\/index.php?rest_route=\/wp\/v2\/types\/post"}],"author":[{"embeddable":true,"href":"https:\/\/laregionsur.com\/index.php?rest_route=\/wp\/v2\/users\/1"}],"replies":[{"embeddable":true,"href":"https:\/\/laregionsur.com\/index.php?rest_route=%2Fwp%2Fv2%2Fcomments&post=4451"}],"version-history":[{"count":0,"href":"https:\/\/laregionsur.com\/index.php?rest_route=\/wp\/v2\/posts\/4451\/revisions"}],"wp:featuredmedia":[{"embeddable":true,"href":"https:\/\/laregionsur.com\/index.php?rest_route=\/"}],"wp:attachment":[{"href":"https:\/\/laregionsur.com\/index.php?rest_route=%2Fwp%2Fv2%2Fmedia&parent=4451"}],"wp:term":[{"taxonomy":"category","embeddable":true,"href":"https:\/\/laregionsur.com\/index.php?rest_route=%2Fwp%2Fv2%2Fcategories&post=4451"},{"taxonomy":"post_tag","embeddable":true,"href":"https:\/\/laregionsur.com\/index.php?rest_route=%2Fwp%2Fv2%2Ftags&post=4451"}],"curies":[{"name":"wp","href":"https:\/\/api.w.org\/{rel}","templated":true}]}}