{"id":4356,"date":"2022-10-04T09:06:28","date_gmt":"2022-10-04T14:06:28","guid":{"rendered":"https:\/\/laregionsur.com\/?p=4356"},"modified":"2022-10-04T09:06:28","modified_gmt":"2022-10-04T14:06:28","slug":"fdm-entrego-equipos-de-proteccion-a-tres-companias-de-bomberos-de-la-provincia-ilo","status":"publish","type":"post","link":"https:\/\/laregionsur.com\/?p=4356","title":{"rendered":"FDM entreg\u00f3 equipos de protecci\u00f3n a tres  Compa\u00f1\u00edas de Bomberos de la provincia Ilo\u00a0"},"content":{"rendered":"<p>FDM entreg\u00f3 equipos de protecci\u00f3n a tres<\/p>\n<p>Compa\u00f1\u00edas de Bomberos de la provincia Ilo<\/p>\n<p>&nbsp;<\/p>\n<ul>\n<li>En dicho acto reconocen a Directora Ejecutiva por hacer realidad la importante donaci\u00f3n gracias al aporte social de la empresa Anglo American Quellaveco.<\/li>\n<\/ul>\n<p>&nbsp;<\/p>\n<p>Peri\u00f3dico Digital La Regi\u00f3n Sur 04 octubre 2022.- El Fondo de Desarrollo de Moquegua (FDM), gracias al aporte social de la empresa Anglo American Quellaveco y priorizaci\u00f3n del Consejo Directivo, a propuesta del alcalde de Ilo, entreg\u00f3 equipos de protecci\u00f3n a favor de las Compa\u00f1\u00edas de Bomberos N\u00b0 76, 136 y 180 de la provincia de Ilo, que se concreta por primera vez, el cual favorecer\u00e1 la labor voluntaria de los bomberos ante las emergencias y para salvar vidas.<\/p>\n<p>Durante la entrega, la Directora Ejecutiva del FDM, Abog. Rossmary Silva Acevedo, remarc\u00f3 que el equipamiento fue priorizado a trav\u00e9s del Consejo Directivo del FDM, solicitado por el alcalde de Ilo Arql. Gerardo Carpio D\u00edaz, ante la necesidad desatendida por muchos a\u00f1os.<\/p>\n<p>Se\u00f1alo, que son trajes estructurales y equipos top de la mejor calidad que cumplen los est\u00e1ndares de seguridad con el \u00fanico fin de preservar la vida de los bomberos y salvar la vida de los dem\u00e1s. \u201cEs de mucha satisfacci\u00f3n poder cumplir y apoyar a los bomberos para que puedan desarrollar mejor su labor voluntaria a fin de proteger su vida y salvar la vida de los dem\u00e1s\u201d.<\/p>\n<p>A\u00f1adi\u00f3 que se encuentran en la pronta adquisici\u00f3n de la bomba de agua para incendios que son de fabricaci\u00f3n a pedido, buscando como siempre la mejor calidad y a corto plazo.<\/p>\n<p>Por su parte el alcalde de Ilo y presidente del Consejo Directivo del FDM, Arql. Gerardo Carpio D\u00edaz, refiri\u00f3 que el aporte de la empresa Anglo American Quellaveco, ha permitido priorizar necesidades de implementaci\u00f3n a los bomberos para su noble tarea voluntaria en favor de la sociedad. \u201cEsta decisi\u00f3n conjunta y el di\u00e1logo han sido primordiales para encaminar esta importante iniciativa\u201d.<\/p>\n<p>De otro lado, los representantes de las tres Compa\u00f1\u00edas de Bomberos de Ilo, entregaron un reconocimiento a la Directora Ejecutiva del FDM, por el compromiso y apoyo incondicional a favor de los bomberos voluntarios de Ilo; asimismo al alcalde Ilo y representante de la empresa Anglo American Quellaveco.<\/p>\n<p>La adquisici\u00f3n fue atendida por la empresa AASACI, especialista en el mercado en la elaboraci\u00f3n y venta\u00a0 de equipos contra incendios, cuyo costo est\u00e1 valorizado entregado a los Bomberos supera el valor de $ 346,350.00, y consta de 30 equipos de protecci\u00f3n personal contra incendios EPP completo (Chaqueta, pantal\u00f3n de bombero, casco de bombero, guante, botas y capucha), equipos de respiraci\u00f3n aut\u00f3noma contra incendio y c\u00e1maras de imagen t\u00e9rmica, que permite ver a trav\u00e9s del humo y del incendio para permitir salvar vidas.<\/p>\n<p>&nbsp;<\/p>\n<p><img loading=\"lazy\" decoding=\"async\" class=\"alignnone size-full wp-image-4358\" src=\"https:\/\/laregionsur.com\/wp-content\/uploads\/2022\/10\/BOBE-1.jpg\" alt=\"\" width=\"259\" height=\"194\" \/> <img loading=\"lazy\" decoding=\"async\" class=\"alignnone size-medium wp-image-4359\" src=\"https:\/\/laregionsur.com\/wp-content\/uploads\/2022\/10\/BOMBE-2-300x225.jpg\" alt=\"\" width=\"300\" height=\"225\" \/> <img loading=\"lazy\" decoding=\"async\" class=\"alignnone size-medium wp-image-4360\" src=\"https:\/\/laregionsur.com\/wp-content\/uploads\/2022\/10\/BOMBER-1-300x151.jpg\" alt=\"\" width=\"300\" height=\"151\" \/><\/p>\n","protected":false},"excerpt":{"rendered":"<p>FDM entreg\u00f3 equipos de protecci\u00f3n a tres Compa\u00f1\u00edas de Bomberos de la provincia Ilo &nbsp; En dicho acto reconocen a Directora Ejecutiva por hacer realidad la importante donaci\u00f3n gracias al aporte social de la empresa Anglo American Quellaveco. &nbsp; Peri\u00f3dico Digital La Regi\u00f3n Sur 04 octubre 2022.- El Fondo de Desarrollo de Moquegua (FDM), gracias &hellip;<\/p>\n","protected":false},"author":1,"featured_media":4357,"comment_status":"open","ping_status":"open","sticky":false,"template":"","format":"standard","meta":{"footnotes":""},"categories":[56,39],"tags":[],"class_list":["post-4356","post","type-post","status-publish","format-standard","has-post-thumbnail","","category-finance","category-stock-market"],"_links":{"self":[{"href":"https:\/\/laregionsur.com\/index.php?rest_route=\/wp\/v2\/posts\/4356","targetHints":{"allow":["GET"]}}],"collection":[{"href":"https:\/\/laregionsur.com\/index.php?rest_route=\/wp\/v2\/posts"}],"about":[{"href":"https:\/\/laregionsur.com\/index.php?rest_route=\/wp\/v2\/types\/post"}],"author":[{"embeddable":true,"href":"https:\/\/laregionsur.com\/index.php?rest_route=\/wp\/v2\/users\/1"}],"replies":[{"embeddable":true,"href":"https:\/\/laregionsur.com\/index.php?rest_route=%2Fwp%2Fv2%2Fcomments&post=4356"}],"version-history":[{"count":0,"href":"https:\/\/laregionsur.com\/index.php?rest_route=\/wp\/v2\/posts\/4356\/revisions"}],"wp:featuredmedia":[{"embeddable":true,"href":"https:\/\/laregionsur.com\/index.php?rest_route=\/"}],"wp:attachment":[{"href":"https:\/\/laregionsur.com\/index.php?rest_route=%2Fwp%2Fv2%2Fmedia&parent=4356"}],"wp:term":[{"taxonomy":"category","embeddable":true,"href":"https:\/\/laregionsur.com\/index.php?rest_route=%2Fwp%2Fv2%2Fcategories&post=4356"},{"taxonomy":"post_tag","embeddable":true,"href":"https:\/\/laregionsur.com\/index.php?rest_route=%2Fwp%2Fv2%2Ftags&post=4356"}],"curies":[{"name":"wp","href":"https:\/\/api.w.org\/{rel}","templated":true}]}}