{"id":4310,"date":"2022-09-26T06:19:59","date_gmt":"2022-09-26T11:19:59","guid":{"rendered":"https:\/\/laregionsur.com\/?p=4310"},"modified":"2022-09-26T06:19:59","modified_gmt":"2022-09-26T11:19:59","slug":"premier-anibal-torres-reconoce-importancia-de-la-mineria","status":"publish","type":"post","link":"https:\/\/laregionsur.com\/?p=4310","title":{"rendered":"Premier An\u00edbal Torres reconoce  importancia de la miner\u00eda"},"content":{"rendered":"<p>Premier An\u00edbal Torres reconoce<\/p>\n<p>importancia de la miner\u00eda<\/p>\n<p>&nbsp;<\/p>\n<p>Escribe: Enrique Lazo Flores<\/p>\n<p>Peri\u00f3dico Digital La Regi\u00f3n Sur 26 setiembre 2022.- En la entrevista que le hicieron en el puerto Ilo, al Presidente del Consejo de Ministros An\u00edbal Torres, \u00e9ste reconoci\u00f3 la importancia de la miner\u00eda en el pa\u00eds, y se\u00f1al\u00f3 enf\u00e1ticamente, \u201cnecesitamos estas divisas que genera la miner\u00eda para obras y servicios educaci\u00f3n, salud, infraestructura y trabajo\u201d.<\/p>\n<p>Para algunos personajes, estas declaraciones han sido tomado como un reconocimiento a la actividad minera en el pa\u00eds y un retroceso en las pretensiones que tiene Pedro Castillo como Gobierno, frente a la miner\u00eda, ya que su permanente y principal discurso en la campa\u00f1a electoral, ha sido, revisar los contratos y privatizar la miner\u00eda, intensiones que era respaldado por algunos dirigentes, autoridades antimineros de los sectores de la sierra central y sur del pa\u00eds.<\/p>\n<p>Esta actitud es a\u00fan considerado en algunos sectores, sobre todo antimineros, como una pretensi\u00f3n reivindicacionista de nuestras riquezas naturales y, que apuntaba a emular un programa de gobierno, igual al de Venezuela, Bolivia o Cuba y, casi se podr\u00eda decir que ya no es tomado en cuenta, claro escucharlo como habl\u00f3 el Premier An\u00edbal Torres, f\u00e1cil es colegir que el gobierno de Castillo est\u00e1 tomando un giro de izquierda a un centro izquierda tendiente a ubicarse en el centro derecha, con un discurso conciliador y tolerante.<\/p>\n<p>Lo que llama la atenci\u00f3n en la poblaci\u00f3n es precisamente esos cambios en sus discursos donde reconocen la importancia de la actividad minera y agr\u00edcola, mencionando solo dos sectores que son los que mueven la gran econom\u00eda del pa\u00eds y que deben recibir la especial atenci\u00f3n del gobierno.<\/p>\n<p>Sin embargo, cabe precisar que, si bien es cierto que ese discurso de Torres, es alentador, tambi\u00e9n debemos se\u00f1alar que no es confiable, ya que, en la pr\u00e1ctica, este gobierno no apoy\u00f3 en los momentos cruciales cuando los conflictos mineros en el corredor minero de Las Bambas, Cuajone, Cusco, Puno entre otras, hac\u00edan estragos en la producci\u00f3n minera y por consiguiente en la econom\u00eda del pa\u00eds en momentos en que se debat\u00eda en una crisis sanitaria como era la pandemia por el Covid-19.<\/p>\n<p>Fue all\u00ed donde hac\u00eda falta la presencia del estado, lo que siempre se reclam\u00f3 y que el gobierno de Castillo jam\u00e1s hizo nada para proteger y garantizar que la producci\u00f3n minera siga generando la riqueza que sirvi\u00f3 para mantener la econom\u00eda estable y ayudar a salvar vidas en lugares donde se necesitaba el auxilio de todos.<\/p>\n<p>Hubo momentos en que la misma gente de gobierno miraba a otro lado, mientras que la miner\u00eda era arrasada por comuneros que pretend\u00eda ganar beneficios ajenos a las necesidades urgentes y eran manejados por dirigentes antimineros a quienes no les importaba la salud del pueblo.<\/p>\n<p>En estas declaraciones de An\u00edbal Torres no solo vemos que reconoce la importancia de la miner\u00eda, sino, que enumera los beneficios que lleva la generaci\u00f3n de recursos econ\u00f3micos que sale de la miner\u00eda, tambi\u00e9n se\u00f1ala que son muchos los sectores a donde llegan los dineros que sirven para atender las necesidades que el pueblo demanda, como es en el sector de Educaci\u00f3n, Salud, Trabajo, Seguridad, construcci\u00f3n de carreteras, puentes, y no tenemos agua, muchas otras necesidades m\u00e1s, que se cubre con los dineros del canon minero.<\/p>\n<p>Empero, tambi\u00e9n es necesario recordarle a este gobierno, que no es suficiente con que el Premier reconozca la importancia de la miner\u00eda, sino, que deben ponerlo en pr\u00e1ctica, poniendo atenci\u00f3n a los problemas sociales que se viene gestando en algunas unidades mineras, donde se necesita su presencia como Estado, garantizando el libre accionar de la miner\u00eda formal, evitando la violencia generado por la miner\u00eda ilegal, como se produjo en Las Bambas, en Cuajone, \u00a0donde incursionaron quemando plantas de exploraciones y campamentos mineros y ahora \u00faltimo en el corredor minero de\u00a0 Espinar.<\/p>\n<p>Asimismo, hizo un llamado a los alcaldes que deben acelerar la ejecuci\u00f3n de gasto p\u00fablico y presupuestos, porque dijo \u201cser\u00eda un crimen\u201d devolver esos dineros que proporcionan a los gobiernos locales y regionales.<\/p>\n<p>Cierto que se nota un discurso que invita a pensar que este gobierno est\u00e1 dando un giro hacia la mesura, tendiente a dejar de lado las intenciones extremistas que en un momento gener\u00f3 la expectativa de seguir los pasos de pa\u00edses comunistas con\u00a0 el consiguiente rechazo de la mayor\u00eda de peruanos, que ven en la miner\u00eda, como el motor del desarrollo y progreso de los pueblos, algo que nos deja un sabor alentador y que se vendr\u00eda cambios en la relaciones estado y empresas privadas, en buena hora, pero no hay que confiarse.<\/p>\n<p>&nbsp;<\/p>\n","protected":false},"excerpt":{"rendered":"<p>Premier An\u00edbal Torres reconoce importancia de la miner\u00eda &nbsp; Escribe: Enrique Lazo Flores Peri\u00f3dico Digital La Regi\u00f3n Sur 26 setiembre 2022.- En la entrevista que le hicieron en el puerto Ilo, al Presidente del Consejo de Ministros An\u00edbal Torres, \u00e9ste reconoci\u00f3 la importancia de la miner\u00eda en el pa\u00eds, y se\u00f1al\u00f3 enf\u00e1ticamente, \u201cnecesitamos estas divisas &hellip;<\/p>\n","protected":false},"author":1,"featured_media":4311,"comment_status":"open","ping_status":"open","sticky":false,"template":"","format":"standard","meta":{"footnotes":""},"categories":[56,39,40],"tags":[],"class_list":["post-4310","post","type-post","status-publish","format-standard","has-post-thumbnail","","category-finance","category-stock-market","category-nacionales"],"_links":{"self":[{"href":"https:\/\/laregionsur.com\/index.php?rest_route=\/wp\/v2\/posts\/4310","targetHints":{"allow":["GET"]}}],"collection":[{"href":"https:\/\/laregionsur.com\/index.php?rest_route=\/wp\/v2\/posts"}],"about":[{"href":"https:\/\/laregionsur.com\/index.php?rest_route=\/wp\/v2\/types\/post"}],"author":[{"embeddable":true,"href":"https:\/\/laregionsur.com\/index.php?rest_route=\/wp\/v2\/users\/1"}],"replies":[{"embeddable":true,"href":"https:\/\/laregionsur.com\/index.php?rest_route=%2Fwp%2Fv2%2Fcomments&post=4310"}],"version-history":[{"count":0,"href":"https:\/\/laregionsur.com\/index.php?rest_route=\/wp\/v2\/posts\/4310\/revisions"}],"wp:featuredmedia":[{"embeddable":true,"href":"https:\/\/laregionsur.com\/index.php?rest_route=\/"}],"wp:attachment":[{"href":"https:\/\/laregionsur.com\/index.php?rest_route=%2Fwp%2Fv2%2Fmedia&parent=4310"}],"wp:term":[{"taxonomy":"category","embeddable":true,"href":"https:\/\/laregionsur.com\/index.php?rest_route=%2Fwp%2Fv2%2Fcategories&post=4310"},{"taxonomy":"post_tag","embeddable":true,"href":"https:\/\/laregionsur.com\/index.php?rest_route=%2Fwp%2Fv2%2Ftags&post=4310"}],"curies":[{"name":"wp","href":"https:\/\/api.w.org\/{rel}","templated":true}]}}