{"id":4294,"date":"2022-09-23T21:39:37","date_gmt":"2022-09-23T21:39:37","guid":{"rendered":"https:\/\/laregionsur.com\/?p=4294"},"modified":"2022-09-23T21:39:37","modified_gmt":"2022-09-23T21:39:37","slug":"minedu-y-southern-peru-colocaron-primera-piedra-del-futuro-coar-moquegua","status":"publish","type":"post","link":"https:\/\/laregionsur.com\/?p=4294","title":{"rendered":"MINEDU Y SOUTHERN PER\u00da COLOCARON  PRIMERA PIEDRA DEL FUTURO COAR MOQUEGUA"},"content":{"rendered":"<div dir=\"ltr\">\n<p class=\"x_MsoNormal\" align=\"center\"><b><span lang=\"ES-PE\">MINEDU Y SOUTHERN PER\u00da COLOCARON<\/span><\/b><\/p>\n<p class=\"x_MsoNormal\" align=\"center\"><b><span lang=\"ES-PE\">PRIMERA PIEDRA DEL FUTURO COAR MOQUEGUA<\/span><\/b><\/p>\n<p class=\"x_MsoNormal\" align=\"center\"><b><span lang=\"ES-PE\">\u00a0<\/span><\/b><\/p>\n<p><span lang=\"ES-PE\">\u00a0* <\/span><b><i><span lang=\"ES-PE\">Obra ser\u00e1 financiada por la empresa minera bajo la modalidad de Obras por Impuestos.<\/span><\/i><\/b><\/p>\n<p class=\"x_MsoNormal\"><b><span lang=\"ES-PE\">Peri\u00f3dico Digital La Regi\u00f3n Sur 23 de setiembre de 2022<\/span><\/b><span lang=\"ES-PE\">.- M\u00e1s de 96.8 millones de Soles demandar\u00e1 la construcci\u00f3n del Colegio de Alto Rendimiento (COAR), que ejecutar\u00e1 Southern Per\u00fa bajo la modalidad de Obras por Impuestos, en beneficio de m\u00e1s de 300 alumnos de la Regi\u00f3n Moquegua, que cuentan con altas competencias acad\u00e9micas. <\/span><\/p>\n<p class=\"x_MsoNormal\"><span lang=\"ES-PE\">En un acto simb\u00f3lico se coloc\u00f3 la piedra de la obra que tendr\u00e1 un plazo de ejecuci\u00f3n de 18 meses. La ceremonia fue presidida por el ministro de Educaci\u00f3n, Rosendo Serna Rom\u00e1n y el presidente ejecutivo de Southern Per\u00fa, Ing. \u00d3scar Gonz\u00e1lez Rocha.<\/span><\/p>\n<p class=\"x_MsoNormal\"><span lang=\"ES-PE\">La obra se edificar\u00e1 sobre un \u00e1rea de 33,121 metros cuadrados; contar\u00e1 con una zona acad\u00e9mica provista de 12 aulas distribuidas en dos niveles, 4 laboratorios, 1 taller de artes, 1 taller de m\u00fasica. As\u00ed mismo, dispondr\u00e1 de una biblioteca de dos niveles con dos aulas de innovaci\u00f3n tecnol\u00f3gica, cinco salas de proyectos de innovaci\u00f3n, sala de lectura informal, sala de lectura formal y sala de recursos inform\u00e1ticos y audiovisuales.<\/span><\/p>\n<p class=\"x_MsoNormal\"><span lang=\"ES-PE\">El COAR Moquegua tendr\u00e1 adem\u00e1s una zona residencial de tres niveles, con 63 habitaciones, de las cuales, cuatro ser\u00e1n destinadas a personas con discapacidad. La nueva infraestructura educativa contar\u00e1 con un polideportivo, piscina, losa multiusos, tribuna, cancha, escenario, gimnasio, entre otros.<\/span><\/p>\n<p class=\"x_MsoNormal\"><span lang=\"ES-PE\">Dicho proyecto denominado \u201cMejoramiento del servicio educativo especializado del nivel secundario de alto rendimiento del departamento de Moquegua\u201d, ser\u00e1 financiado bajo la modalidad de obras por impuestos. Las tareas f\u00edsicas estar\u00e1n a cargo de Sociedad Ib\u00e9rica de Construcciones El\u00e9ctricas S.A. y la supervisi\u00f3n recaer\u00e1 en Consorcio Supervisor Moquegua.<\/span><\/p>\n<p class=\"x_MsoNormal\"><b><span lang=\"ES-PE\">PRIMERA PIEDRA<\/span><\/b><\/p>\n<p class=\"x_MsoNormal\"><span lang=\"ES-PE\">Durante la ceremonia el ministro Rosendo Serna destac\u00f3 el aporte de la empresa minera en favor de la Educaci\u00f3n. \u201cNosotros apostamos por la inversi\u00f3n en educaci\u00f3n, tom\u00e1ndonos en serio la lucha contra la profunda brecha del d\u00e9ficit de infraestructura educativa que afecta nuestro pa\u00eds. La tarea es tit\u00e1nica y de largo aliento, por ello queremos agradecer a Southern Per\u00fa por sumarse en esta lucha por dotar de las mejores condiciones de estudio a millones de ni\u00f1os y j\u00f3venes de todo el pa\u00eds\u201d, coment\u00f3.<\/span><\/p>\n<p class=\"x_MsoNormal\"><span lang=\"ES-PE\">Por su parte el presidente ejecutivo de Southern Per\u00fa, Ing. \u00d3scar Gonz\u00e1lez Rocha precis\u00f3 que el eje educativo es fundamental en el trabajo social de la compa\u00f1\u00eda. \u201cPor m\u00e1s de dos d\u00e9cadas nuestra compa\u00f1\u00eda ha identificado claramente las prioridades de las regiones donde operamos y, sin lugar a duda, una de ellas es fortalecer la Educaci\u00f3n\u201d, dijo.<\/span><\/p>\n<p class=\"x_MsoNormal\"><span lang=\"ES-PE\">El funcionario mencion\u00f3 obras de infraestructura ejecutadas los dos \u00faltimos a\u00f1os, que se suman al COAR Moquegua, entre ellas el Colegio de Alto Rendimiento de Tacna, el colegio Jos\u00e9 Antonio Encinas Franco de Tacna, los colegios de nivel inicial N\u00b0 346 del distrito de San Antonio, el 323 del Fundo El Gramadal y el 358 del Pueblo Joven Mariscal Nieto en Moquegua, el colegio Fe y Alegr\u00eda N\u00b0 52 de Ilo, actualmente en construcci\u00f3n y el compromiso de construir el Colegio Manuel C. de La Torre de Moquegua.<\/span><\/p>\n<p class=\"x_MsoNormal\"><span lang=\"ES-PE\">\u201cIndependientemente de la modalidad de financiamiento, obras de esta naturaleza deben ponderarse por la importancia que revisten para la educaci\u00f3n de nuestros hijos y el impacto que genera en su formaci\u00f3n escolar\u201d, dijo tras remarcar la necesidad de fortalecer los esfuerzos de cooperaci\u00f3n p\u00fablico- privada, en favor de las mayor\u00edas y principalmente de los ni\u00f1os.<\/span><\/p>\n<p class=\"x_MsoNormal\"><b><span lang=\"ES-PE\">COLEGIOS DE ALTO RENDIMIENTO<\/span><\/b><\/p>\n<p class=\"x_MsoNormal\"><span lang=\"ES-PE\">Los COAR s<\/span><span lang=\"ES-PE\">on un modelo educativo referente de calidad acad\u00e9mica e innovaci\u00f3n educativa, organizacional y de gesti\u00f3n, que contribuye a mejorar la educaci\u00f3n p\u00fablica. Del 2012 a la fecha, han egresado de los COAR, en las 25 regiones, 10, 611 alumnos. Al egresar los estudiantes obtienen la certificaci\u00f3n internacional Cambridge y diploma de bachillerato internacional.<\/span><\/p>\n<p class=\"x_MsoNormal\"><b><span lang=\"ES-PE\">CIFRA:<\/span><\/b><\/p>\n<p class=\"x_MsoNormal\"><b><span lang=\"ES-PE\">S\/ 96 855,889.46<\/span><\/b><span lang=\"ES-PE\"> es la inversi\u00f3n total que demandar\u00e1 la construcci\u00f3n del COAR.<\/span><\/p>\n<p class=\"x_MsoNormal\"><span lang=\"ES-PE\">7,500 estudiantes de 3ro., 4to y 5to de secundaria, atienden los COAR en las 25 sedes que hay en el pa\u00eds.<\/span><\/p>\n<\/div>\n<div dir=\"ltr\"><img loading=\"lazy\" decoding=\"async\" class=\"alignnone size-medium wp-image-4296\" src=\"https:\/\/laregionsur.com\/wp-content\/uploads\/2022\/09\/PRIEMRAPIEDRA-1-300x200.jpg\" alt=\"\" width=\"300\" height=\"200\" \/> <img loading=\"lazy\" decoding=\"async\" class=\"alignnone size-medium wp-image-4297\" src=\"https:\/\/laregionsur.com\/wp-content\/uploads\/2022\/09\/PRIMERA-PALA-300x200.jpg\" alt=\"\" width=\"300\" height=\"200\" \/><\/div>\n<div>\u00a0\u00a0<br aria-hidden=\"true\" \/><\/p>\n<div dir=\"ltr\" data-smartmail=\"gmail_signature\"><\/div>\n<\/div>\n","protected":false},"excerpt":{"rendered":"<p>MINEDU Y SOUTHERN PER\u00da COLOCARON PRIMERA PIEDRA DEL FUTURO COAR MOQUEGUA \u00a0 \u00a0* Obra ser\u00e1 financiada por la empresa minera bajo la modalidad de Obras por Impuestos. Peri\u00f3dico Digital La Regi\u00f3n Sur 23 de setiembre de 2022.- M\u00e1s de 96.8 millones de Soles demandar\u00e1 la construcci\u00f3n del Colegio de Alto Rendimiento (COAR), que ejecutar\u00e1 Southern &hellip;<\/p>\n","protected":false},"author":1,"featured_media":4295,"comment_status":"open","ping_status":"open","sticky":false,"template":"","format":"standard","meta":{"footnotes":""},"categories":[39,40],"tags":[],"class_list":["post-4294","post","type-post","status-publish","format-standard","has-post-thumbnail","","category-stock-market","category-nacionales"],"_links":{"self":[{"href":"https:\/\/laregionsur.com\/index.php?rest_route=\/wp\/v2\/posts\/4294","targetHints":{"allow":["GET"]}}],"collection":[{"href":"https:\/\/laregionsur.com\/index.php?rest_route=\/wp\/v2\/posts"}],"about":[{"href":"https:\/\/laregionsur.com\/index.php?rest_route=\/wp\/v2\/types\/post"}],"author":[{"embeddable":true,"href":"https:\/\/laregionsur.com\/index.php?rest_route=\/wp\/v2\/users\/1"}],"replies":[{"embeddable":true,"href":"https:\/\/laregionsur.com\/index.php?rest_route=%2Fwp%2Fv2%2Fcomments&post=4294"}],"version-history":[{"count":0,"href":"https:\/\/laregionsur.com\/index.php?rest_route=\/wp\/v2\/posts\/4294\/revisions"}],"wp:featuredmedia":[{"embeddable":true,"href":"https:\/\/laregionsur.com\/index.php?rest_route=\/"}],"wp:attachment":[{"href":"https:\/\/laregionsur.com\/index.php?rest_route=%2Fwp%2Fv2%2Fmedia&parent=4294"}],"wp:term":[{"taxonomy":"category","embeddable":true,"href":"https:\/\/laregionsur.com\/index.php?rest_route=%2Fwp%2Fv2%2Fcategories&post=4294"},{"taxonomy":"post_tag","embeddable":true,"href":"https:\/\/laregionsur.com\/index.php?rest_route=%2Fwp%2Fv2%2Ftags&post=4294"}],"curies":[{"name":"wp","href":"https:\/\/api.w.org\/{rel}","templated":true}]}}