{"id":4257,"date":"2022-09-20T03:15:10","date_gmt":"2022-09-20T03:15:10","guid":{"rendered":"https:\/\/laregionsur.com\/?p=4257"},"modified":"2022-09-20T03:15:10","modified_gmt":"2022-09-20T03:15:10","slug":"premier-anibal-torres-y-ministro-de-vivienda-estaran-en-ilo-para-el-inicio-de-obra-del-ptar","status":"publish","type":"post","link":"https:\/\/laregionsur.com\/?p=4257","title":{"rendered":"Premier An\u00edbal Torres y ministro de vivienda  Estar\u00e1n en Ilo para el inicio de obra del PTAR"},"content":{"rendered":"<p>Premier An\u00edbal Torres y ministro de vivienda<\/p>\n<p>Estar\u00e1n en Ilo para el inicio de obra del PTAR<\/p>\n<p>&nbsp;<\/p>\n<p>Peri\u00f3dico Digital La Regi\u00f3n Sur, 19 setiembre 2022.- Finalmente lleg\u00f3 la hora en que se deb\u00eda hacer realidad, la construcci\u00f3n de una obra largamente esperado, tantas veces anunciado, muchas otras ofrecidos y nunca cumplidos por anteriores autoridades, el d\u00eda 22 del presente mes la obra del PTAR Ilo ver\u00e1 la luz al darse inicio oficialmente la construcci\u00f3n de esta obra valorizado inicialmente en S\/78 millones monto que se ha elevado por cuestiones de la pandemia y se espera conocer el monto oficial del presupuesto de la construcci\u00f3n y operaci\u00f3n de la planta de tratamientos residuales.<\/p>\n<p>A esta conclusi\u00f3n se arrib\u00f3 luego de sostener diversas reuniones y coordinaciones en los \u00a0\u00a0despachos ministeriales, con el Congresista de la Rep\u00fablica V\u00edctor Cutipa, concret\u00e1ndose la visita a la provincia de Ilo del Presidente del Consejo de Ministros, Dr. An\u00edbal Torres V\u00e1squez y del Ministro de Vivienda, Construcci\u00f3n y Saneamiento, Cesar Paniagua Chac\u00f3n.<\/p>\n<p>La presencia de dichas autoridades es con la finalidad de participar de la ceremonia de inicio de obra del proyecto denominado, \u00bb MEJORAMIENTO Y AMPLIACI\u00d3N DEL SERVICIO DE TRATAMIENTO DE AGUAS RESIDUALES &#8211; PTAR, DE LA PROVINCIA DE ILO-MOQUEGUA\u00bb, el cual es de importancia para el desarrollo de la provincia de Ilo.<\/p>\n<p>UN POCO DE HISTORIA.<\/p>\n<p>La construcci\u00f3n del PTAR ILO nace con la firma de los convenios en el mes de mayo del a\u00f1o 2021, firmas a cargo del director de Operaciones de Ilo Manuel Mungu\u00eda Aguirre, en representaci\u00f3n de Southern Per\u00fa, el alcalde provincial de Ilo Gerardo Carpio D\u00edaz y la gerente general de EPS Ilo Solange Agramonte Flores.<\/p>\n<p>El primer convenio denominado \u201cMejoramiento y Ampliaci\u00f3n del Servicio de Tratamiento de Aguas Residuales de la Provincia de Ilo\u201d contempla la construcci\u00f3n, supervisi\u00f3n y puesta en marcha de una moderna planta de tratamiento, que estar\u00e1 ubicada en el distrito de Pacocha.<\/p>\n<p>El proyecto incluy\u00f3 la actualizaci\u00f3n y entrega del expediente t\u00e9cnico final, la construcci\u00f3n de las obras f\u00edsicas, el programa de fortalecimiento de capacidades del personal de la EPS Ilo y la puesta en marcha de la planta en un periodo de 24 meses.<\/p>\n<p>Asimismo, la empresa Southern Per\u00fa financiar\u00e1 la construcci\u00f3n del sistema de tratamiento de aguas servidas de la provincia de Ilo (Moquegua), y se har\u00e1 cargo, durante 30 a\u00f1os, de la operaci\u00f3n y mantenimiento de la Planta de Tratamiento de Aguas Residuales (PTAR), con la que se atender\u00e1 una de las principales preocupaciones de salud p\u00fablica de la localidad. Este era un compromiso asumido con la poblaci\u00f3n de Ilo por la minera.<\/p>\n<p>La PTAR se construir\u00e1 con recursos del fondo comprometido por Southern Per\u00fa, que busca mejorar las condiciones ambientales y de salud p\u00fablica de la ciudad de Ilo, evitando el vertimiento de aguas residuales al lecho marino. Esta obra tambi\u00e9n va generar empleo local, en el marco del programa de reactivaci\u00f3n econ\u00f3mica de Ilo.<\/p>\n","protected":false},"excerpt":{"rendered":"<p>Premier An\u00edbal Torres y ministro de vivienda Estar\u00e1n en Ilo para el inicio de obra del PTAR &nbsp; Peri\u00f3dico Digital La Regi\u00f3n Sur, 19 setiembre 2022.- Finalmente lleg\u00f3 la hora en que se deb\u00eda hacer realidad, la construcci\u00f3n de una obra largamente esperado, tantas veces anunciado, muchas otras ofrecidos y nunca cumplidos por anteriores autoridades, &hellip;<\/p>\n","protected":false},"author":1,"featured_media":4258,"comment_status":"open","ping_status":"open","sticky":false,"template":"","format":"standard","meta":{"footnotes":""},"categories":[56,40],"tags":[],"class_list":["post-4257","post","type-post","status-publish","format-standard","has-post-thumbnail","","category-finance","category-nacionales"],"_links":{"self":[{"href":"https:\/\/laregionsur.com\/index.php?rest_route=\/wp\/v2\/posts\/4257","targetHints":{"allow":["GET"]}}],"collection":[{"href":"https:\/\/laregionsur.com\/index.php?rest_route=\/wp\/v2\/posts"}],"about":[{"href":"https:\/\/laregionsur.com\/index.php?rest_route=\/wp\/v2\/types\/post"}],"author":[{"embeddable":true,"href":"https:\/\/laregionsur.com\/index.php?rest_route=\/wp\/v2\/users\/1"}],"replies":[{"embeddable":true,"href":"https:\/\/laregionsur.com\/index.php?rest_route=%2Fwp%2Fv2%2Fcomments&post=4257"}],"version-history":[{"count":0,"href":"https:\/\/laregionsur.com\/index.php?rest_route=\/wp\/v2\/posts\/4257\/revisions"}],"wp:featuredmedia":[{"embeddable":true,"href":"https:\/\/laregionsur.com\/index.php?rest_route=\/"}],"wp:attachment":[{"href":"https:\/\/laregionsur.com\/index.php?rest_route=%2Fwp%2Fv2%2Fmedia&parent=4257"}],"wp:term":[{"taxonomy":"category","embeddable":true,"href":"https:\/\/laregionsur.com\/index.php?rest_route=%2Fwp%2Fv2%2Fcategories&post=4257"},{"taxonomy":"post_tag","embeddable":true,"href":"https:\/\/laregionsur.com\/index.php?rest_route=%2Fwp%2Fv2%2Ftags&post=4257"}],"curies":[{"name":"wp","href":"https:\/\/api.w.org\/{rel}","templated":true}]}}