{"id":4172,"date":"2022-09-09T18:07:00","date_gmt":"2022-09-09T18:07:00","guid":{"rendered":"https:\/\/laregionsur.com\/?p=4172"},"modified":"2022-09-09T18:07:00","modified_gmt":"2022-09-09T18:07:00","slug":"en-la-unam-moquegua-mas-de-2-mil-jovenes-iniciaron-semestre-academico-2022-ii","status":"publish","type":"post","link":"https:\/\/laregionsur.com\/?p=4172","title":{"rendered":"EN LA UNAM MOQUEGUA, M\u00c1S DE 2 MIL J\u00d3VENES INICIARON SEMESTRE ACAD\u00c9MICO 2022-II \u00a0"},"content":{"rendered":"<p class=\"x_MsoNormal\" align=\"center\"><b>EN LA UNAM MOQUEGUA, M\u00c1S DE 2 MIL J\u00d3VENES INICIARON SEMESTRE ACAD\u00c9MICO 2022-II<i> <\/i><\/b><b><span lang=\"PT-BR\">\u00a0<\/span><\/b><\/p>\n<ul>\n<li><b>UNAM reconoci\u00f3 a alumnos seg\u00fan ranking de rendimiento acad\u00e9mico \u00a0<\/b><\/li>\n<li class=\"x_MsoNormal\">\u00a0El Semestre acad\u00e9mico 2022 \u2013 II, inici\u00f3 con nuevos anuncios y logros de la comunidad Universitaria de la UNAM.<\/li>\n<\/ul>\n<p class=\"x_MsoNormal\">\n<p class=\"x_MsoNormal\">Peri\u00f3dico Digital La Regi\u00f3n Sur 09 setiembre 2022.- Son 2 mil 238 estudiantes que iniciaron el semestre en las Escuelas Profesionales de Administraci\u00f3n, Gesti\u00f3n P\u00fablica y Desarrollo Social, Ingenier\u00eda Agroindustrial, Ingenier\u00eda Ambiental, Ingenier\u00eda Civil, Ingenier\u00eda de Minas, Ingenier\u00eda de Sistemas e Inform\u00e1tica, Ingenier\u00eda Pesquera y Medicina en la sede central y la filial Ilo.<\/p>\n<p class=\"x_MsoNormal\">\n<p class=\"x_MsoNormal\">En ceremonia de inicio de semestre se reconoci\u00f3 a los estudiantes de las diferentes carreras que ocuparon el primer puesto en su rendimiento acad\u00e9mico durante el semestre 2022-I, destacando: Valeriano Valeriano Mar\u00eda Mercedes de la Escuela Profesional de Gesti\u00f3n P\u00fablica y Desarrollo Social, Mamani Merma Karina Soledad de la Escuela Profesional de Ingenier\u00eda Agroindustrial, Huam\u00e1n Basald\u00faa Abel Joel \u00a0de la Escuela Profesional de Ingenier\u00eda de Minas, Varillas Mere Geremy Franco de la Escuela Profesional de \u00a0Ingenier\u00eda de Sistemas e Inform\u00e1tica, Obando Oviedo Flavia de la Escuela Profesional de \u00a0Ingenier\u00eda Ambiental, G\u00f3mez Chino Giuliana de la Escuela Profesional de Ingenier\u00eda Pesquera, Mamani Cari Kathia \u00a0de la Escuela Profesional de Medicina, Liendo Peralta Michell Fabiana de la Escuela Profesional de Administraci\u00f3n y Mart\u00ednez Gonzales Alan Henry de la Escuela Profesional de Ingenier\u00eda Civil.<\/p>\n<p class=\"x_MsoNormal\">\n<p class=\"x_MsoNormal\">El vicepresidente acad\u00e9mico Dr. Oscar Begazo Portugal, resalt\u00f3 las obligaciones y derechos de nuestros alumnos, instando a poder hacer uso de los diferentes servicios que brinda la casa superior de estudios.<\/p>\n<p class=\"x_MsoNormal\">\n<p class=\"x_MsoNormal\">Tambi\u00e9n se\u00f1al\u00f3 que la UNAM contin\u00faa fortaleciendo los servicios con la construcci\u00f3n de m\u00e1s pabellones y laboratorios, siempre manteniendo la visi\u00f3n trazada de excelencia acad\u00e9mica, de investigaci\u00f3n, acreditaci\u00f3n y posicionamiento Nacional e Internacional.<\/p>\n<p class=\"x_MsoNormal\">\n<p class=\"x_MsoNormal\">Las autoridades universitarias, contin\u00faan realizando esfuerzos para seguir con la presencialidad, desde inicios de este a\u00f1o, para ello, docentes, estudiantes y personal administrativo cuentan con su esquema completo de vacunaci\u00f3n y se toma una serie de acciones de bioseguridad que son impulsadas por el \u00e1rea de salud.<\/p>\n<p><img loading=\"lazy\" decoding=\"async\" class=\"alignnone size-medium wp-image-4174\" src=\"https:\/\/laregionsur.com\/wp-content\/uploads\/2022\/09\/UNA-1-300x220.jpg\" alt=\"\" width=\"300\" height=\"220\" \/> <img loading=\"lazy\" decoding=\"async\" class=\"alignnone size-medium wp-image-4175\" src=\"https:\/\/laregionsur.com\/wp-content\/uploads\/2022\/09\/UNA-2-1-300x200.jpg\" alt=\"\" width=\"300\" height=\"200\" \/> <img loading=\"lazy\" decoding=\"async\" class=\"alignnone size-medium wp-image-4176\" src=\"https:\/\/laregionsur.com\/wp-content\/uploads\/2022\/09\/UNA-3-300x200.jpg\" alt=\"\" width=\"300\" height=\"200\" \/><\/p>\n","protected":false},"excerpt":{"rendered":"<p>EN LA UNAM MOQUEGUA, M\u00c1S DE 2 MIL J\u00d3VENES INICIARON SEMESTRE ACAD\u00c9MICO 2022-II \u00a0 UNAM reconoci\u00f3 a alumnos seg\u00fan ranking de rendimiento acad\u00e9mico \u00a0 \u00a0El Semestre acad\u00e9mico 2022 \u2013 II, inici\u00f3 con nuevos anuncios y logros de la comunidad Universitaria de la UNAM. Peri\u00f3dico Digital La Regi\u00f3n Sur 09 setiembre 2022.- Son 2 mil 238 &hellip;<\/p>\n","protected":false},"author":1,"featured_media":4173,"comment_status":"open","ping_status":"open","sticky":false,"template":"","format":"standard","meta":{"footnotes":""},"categories":[56,39,40],"tags":[],"class_list":["post-4172","post","type-post","status-publish","format-standard","has-post-thumbnail","","category-finance","category-stock-market","category-nacionales"],"_links":{"self":[{"href":"https:\/\/laregionsur.com\/index.php?rest_route=\/wp\/v2\/posts\/4172","targetHints":{"allow":["GET"]}}],"collection":[{"href":"https:\/\/laregionsur.com\/index.php?rest_route=\/wp\/v2\/posts"}],"about":[{"href":"https:\/\/laregionsur.com\/index.php?rest_route=\/wp\/v2\/types\/post"}],"author":[{"embeddable":true,"href":"https:\/\/laregionsur.com\/index.php?rest_route=\/wp\/v2\/users\/1"}],"replies":[{"embeddable":true,"href":"https:\/\/laregionsur.com\/index.php?rest_route=%2Fwp%2Fv2%2Fcomments&post=4172"}],"version-history":[{"count":0,"href":"https:\/\/laregionsur.com\/index.php?rest_route=\/wp\/v2\/posts\/4172\/revisions"}],"wp:featuredmedia":[{"embeddable":true,"href":"https:\/\/laregionsur.com\/index.php?rest_route=\/"}],"wp:attachment":[{"href":"https:\/\/laregionsur.com\/index.php?rest_route=%2Fwp%2Fv2%2Fmedia&parent=4172"}],"wp:term":[{"taxonomy":"category","embeddable":true,"href":"https:\/\/laregionsur.com\/index.php?rest_route=%2Fwp%2Fv2%2Fcategories&post=4172"},{"taxonomy":"post_tag","embeddable":true,"href":"https:\/\/laregionsur.com\/index.php?rest_route=%2Fwp%2Fv2%2Ftags&post=4172"}],"curies":[{"name":"wp","href":"https:\/\/api.w.org\/{rel}","templated":true}]}}