{"id":4127,"date":"2022-09-07T12:18:32","date_gmt":"2022-09-07T12:18:32","guid":{"rendered":"https:\/\/laregionsur.com\/?p=4127"},"modified":"2022-09-07T12:18:32","modified_gmt":"2022-09-07T12:18:32","slug":"anibal-torres-y-ministros-denunciados-por-infringir-ley-de-neutralidad","status":"publish","type":"post","link":"https:\/\/laregionsur.com\/?p=4127","title":{"rendered":"ANIBAL TORRES Y MINISTROS DENUNCIADOS POR INFRINGIR LEY DE NEUTRALIDAD"},"content":{"rendered":"<p>ANIBAL TORRES Y MINISTROS DENUNCIADOS POR INFRINGIR LEY DE NEUTRALIDAD<\/p>\n<p>&nbsp;<\/p>\n<p>&nbsp;<\/p>\n<p>Peri\u00f3dico Digital La Regi\u00f3n Sur 07 setiembre-2022.- El titular del PCM, An\u00edbal Torres, junto a los ministros Kurt Burneo (Econom\u00eda), Alejandro Salas (Trabajo), F\u00e9lix Chero (Justicia), Robert S\u00e1nchez (Comercio Exterior) y Betssy Ch\u00e1vez (Cultura), fue denunciado ante el Jurado Especial Electoral de Lima Centro por presuntamente haber quebrado el principio de neutralidad que rige en los procesos electorales, a ra\u00edz de las declaraciones dadas por el Ejecutivo durante una conferencia de prensa realizada el 4 de septiembre.<\/p>\n<p>&nbsp;<\/p>\n<p>La autora de la denuncia es una ciudadana de Trujillo, identificada como Claudia Mar\u00eda Ger\u00f3nimo Paredes, quien \u2014seg\u00fan sus redes sociales\u2014 se desempe\u00f1a como trabajadora de la Gerencia de Asesor\u00eda Jur\u00eddica del municipio de El Porvenir. Este distrito actualmente se encuentra bajo la regencia de Segundo V\u00edctor Rebaza Benites, integrante de Alianza para el Progreso (APP), el partido liderado por C\u00e9sar Acu\u00f1a.<\/p>\n<p>&nbsp;<\/p>\n<p>Seg\u00fan la demanda presentada, los integrantes del Ejecutivo habr\u00edan incurrido en la infracci\u00f3n al haberse pronunciado a favor de una posible exclusi\u00f3n de C\u00e9sar Acu\u00f1a de la carrera electoral al Gobierno Regional de La Libertad. Esto tras la difusi\u00f3n de unos audios comprometedores entre el excandidato presidencial y la entonces presidenta del Congreso, Lady Camones, en los que se discut\u00eda la aprobaci\u00f3n de leyes que favorecieran los intereses pol\u00edticos de Acu\u00f1a en el norte.<\/p>\n<p>&nbsp;<\/p>\n<p>En la citada conferencia, el primer ministro hab\u00eda declarado lo siguiente: \u201cEl Jurado Electoral de Trujillo debe separar al candidato (C\u00e9sar) Acu\u00f1a\u201d. Y agreg\u00f3: \u201cEs tan flagrante la violaci\u00f3n a la ley electoral que eso debe resolverse r\u00e1pidamente\u201d.<\/p>\n<p>&nbsp;<\/p>\n<p>Estas afirmaciones, junto a otras de similar talante dadas por otros ministros presentes \u2014en las que, adem\u00e1s, se solicitaba la exclusi\u00f3n de Lady Camones de la Mesa Directiva del Congreso\u2014, fueron recopiladas por la persona denunciante, quien consider\u00f3 que las mismas, al ser compartidas por parte del Poder Ejecutivo en un evento p\u00fablico, apuntar\u00edan a perjudicar una candidatura en espec\u00edfico y, por ende, violar\u00edan el principio de neutralidad.<\/p>\n<p>&nbsp;<\/p>\n<p>En tanto, el Jurado Especial Electoral de Lima Centro dispuso la remisi\u00f3n del expediente al coordinador de Fiscalizaci\u00f3n asignado a esta oficina y se defini\u00f3 un plazo de dos d\u00edas para que se emita un informe con las consideraciones del caso y se proceda con las acciones correspondientes, tom\u00e1ndose en cuenta los argumentos y documentaci\u00f3n presentada en la denuncia.<\/p>\n<p>\u00bfQu\u00e9 indica la ley sobre el principio de neutralidad?<\/p>\n<p>&nbsp;<\/p>\n<p>El Reglamento sobre Propaganda Electoral, Publicidad Estatal y Neutralidad en Periodo Electoral, en su art\u00edculo 32, establece \u2014entre otros aspectos\u2014 que se considerar\u00e1 como una infracci\u00f3n al principio de neutralidad a cualquier intervenci\u00f3n \u201cen el acto electoral para coactar, impedir o perturbar la libertad del sufragio, utilizando la influencia de su cargo o los medios de que est\u00e9n provistas sus entidades\u201d, as\u00ed como \u201cactos de cualquier naturaleza que favorezcan o perjudiquen a determinada organizaci\u00f3n pol\u00edtica o candidato\u201d.<\/p>\n<p>&nbsp;<\/p>\n<p>Asimismo, este mismo documento legal se\u00f1ala en el art\u00edculo 33 que, para que se configure la situaci\u00f3n de vulneraci\u00f3n de la neutralidad, los actos a imputar deber\u00e1n producirse en una actividad oficial u extraoficial, donde una autoridad recurra a su cargo para tratar de influenciar una corriente positiva o negativa sobre un candidato.<\/p>\n<p>&nbsp;<\/p>\n<p>Los mismos t\u00e9rminos se contemplan en la Ley Org\u00e1nica de Elecciones.<\/p>\n<p>&nbsp;<\/p>\n<p>Por su parte, en el art\u00edculo 31 de la Constituci\u00f3n, en el que se puntualiza sobre la participaci\u00f3n ciudadana en elecciones, se se\u00f1ala al respecto que \u201cla ley establece los mecanismos para garantizar la neutralidad estatal durante los procesos electorales y de participaci\u00f3n ciudadana. Es nulo y punible todo acto que proh\u00edba o limite al ciudadano el ejercicio de sus derechos\u201d Fuente: msm.<\/p>\n","protected":false},"excerpt":{"rendered":"<p>ANIBAL TORRES Y MINISTROS DENUNCIADOS POR INFRINGIR LEY DE NEUTRALIDAD &nbsp; &nbsp; Peri\u00f3dico Digital La Regi\u00f3n Sur 07 setiembre-2022.- El titular del PCM, An\u00edbal Torres, junto a los ministros Kurt Burneo (Econom\u00eda), Alejandro Salas (Trabajo), F\u00e9lix Chero (Justicia), Robert S\u00e1nchez (Comercio Exterior) y Betssy Ch\u00e1vez (Cultura), fue denunciado ante el Jurado Especial Electoral de Lima &hellip;<\/p>\n","protected":false},"author":1,"featured_media":4128,"comment_status":"open","ping_status":"open","sticky":false,"template":"","format":"standard","meta":{"footnotes":""},"categories":[40],"tags":[],"class_list":["post-4127","post","type-post","status-publish","format-standard","has-post-thumbnail","","category-nacionales"],"_links":{"self":[{"href":"https:\/\/laregionsur.com\/index.php?rest_route=\/wp\/v2\/posts\/4127","targetHints":{"allow":["GET"]}}],"collection":[{"href":"https:\/\/laregionsur.com\/index.php?rest_route=\/wp\/v2\/posts"}],"about":[{"href":"https:\/\/laregionsur.com\/index.php?rest_route=\/wp\/v2\/types\/post"}],"author":[{"embeddable":true,"href":"https:\/\/laregionsur.com\/index.php?rest_route=\/wp\/v2\/users\/1"}],"replies":[{"embeddable":true,"href":"https:\/\/laregionsur.com\/index.php?rest_route=%2Fwp%2Fv2%2Fcomments&post=4127"}],"version-history":[{"count":0,"href":"https:\/\/laregionsur.com\/index.php?rest_route=\/wp\/v2\/posts\/4127\/revisions"}],"wp:featuredmedia":[{"embeddable":true,"href":"https:\/\/laregionsur.com\/index.php?rest_route=\/"}],"wp:attachment":[{"href":"https:\/\/laregionsur.com\/index.php?rest_route=%2Fwp%2Fv2%2Fmedia&parent=4127"}],"wp:term":[{"taxonomy":"category","embeddable":true,"href":"https:\/\/laregionsur.com\/index.php?rest_route=%2Fwp%2Fv2%2Fcategories&post=4127"},{"taxonomy":"post_tag","embeddable":true,"href":"https:\/\/laregionsur.com\/index.php?rest_route=%2Fwp%2Fv2%2Ftags&post=4127"}],"curies":[{"name":"wp","href":"https:\/\/api.w.org\/{rel}","templated":true}]}}