{"id":4078,"date":"2022-09-05T03:45:46","date_gmt":"2022-09-05T03:45:46","guid":{"rendered":"https:\/\/laregionsur.com\/?p=4078"},"modified":"2022-09-05T03:45:46","modified_gmt":"2022-09-05T03:45:46","slug":"chile-rechaza-por-mayoria-la-propuesta-de-nueva-constitucion","status":"publish","type":"post","link":"https:\/\/laregionsur.com\/?p=4078","title":{"rendered":"Chile rechaza por mayor\u00eda la  propuesta de nueva Constituci\u00f3n"},"content":{"rendered":"<p>Chile rechaza por mayor\u00eda la<\/p>\n<p>propuesta de nueva Constituci\u00f3n<\/p>\n<ul>\n<li>M\u00e1s de 15 millones de electores estaban convocados a las urnas en una jornada con alta participaci\u00f3n por voto obligatorio. En gran parte del pa\u00eds se impuso la opci\u00f3n en contra de la nueva Carta Magna.<\/li>\n<\/ul>\n<p>&nbsp;<\/p>\n<p>&nbsp;<\/p>\n<p>Peri\u00f3dico Digital La Regi\u00f3n Sur, 04 setiembre 2022.- Una contundente mayor\u00eda en Chile rechaz\u00f3 este domingo la propuesta de Constituci\u00f3n que buscaba cambiar la heredada de la dictadura de Augusto Pinochet (1973-1989) por otra con m\u00e1s derechos sociales, en un resultado que super\u00f3 las expectativas m\u00e1s optimistas de la oposici\u00f3n conservadora.<\/p>\n<p>&nbsp;<\/p>\n<p>M\u00e1s de 15 millones de electores estaban convocados a las urnas en una jornada con alta participaci\u00f3n por voto obligatorio. En gran parte del pa\u00eds se impuso la opci\u00f3n en contra de la nueva Carta Magna.<\/p>\n<p>&nbsp;<\/p>\n<p>Con el 99, 9 % de los votos escrutados, el \u00abRechazo\u00bb se impon\u00eda con 61,87 % frente al \u00abApruebo\u00bb, que obtuvo 38,13 %, inform\u00f3 el servicio electoral.<\/p>\n<p>&nbsp;<\/p>\n<p>El proyecto manten\u00eda una econom\u00eda de mercado pero aspiraba a consagrar un nuevo cat\u00e1logo de derechos sociales en materia de salud, aborto, educaci\u00f3n y pensiones, con \u00e9nfasis medioambiental y una \u00abplurinacionalidad\u00bb ind\u00edgena.<\/p>\n<p>&nbsp;<\/p>\n<p>\u00abEs una derrota a la refundaci\u00f3n de Chile\u00bb, dijo Javier Macaya, presidente del partido ultraconservador UDI que sin embargo no cerr\u00f3 la puerta a otra reforma constitucional. \u00abVamos a continuar (&#8230;) con el proceso constituyente, vamos a cumplir nuestro compromiso\u00bb, prometi\u00f3 en una rueda de prensa rodeado de seguidores del \u00abRechazo\u00bb que festejaban.<\/p>\n<p>\u00abPALIZA\u00bb<\/p>\n<p>&nbsp;<\/p>\n<p>\u00abTremenda paliza del rechazo sobre el apruebo. Nadie anticip\u00f3 esta distancia de m\u00e1s de 20 puntos porcentuales\u00bb, indic\u00f3 la soci\u00f3loga Marta Lagos, fundadora de la encuestadora Mori, que calific\u00f3 el resultado como \u00abfracaso estrepitoso\u00bb, escribi\u00f3 el Twitter .<\/p>\n<p>&nbsp;<\/p>\n<p>La realizaci\u00f3n del referendum sobre una nueva Carta Magna, tras la gran revuelta social de 2019 en reclamo de mayor justicia social, hab\u00eda contado con el apoyo de casi 80% del electorado en un plebiscito de octubre de 2020 que abri\u00f3 el proceso constituyente.<\/p>\n<p>&nbsp;<\/p>\n<p>Dos a\u00f1os despu\u00e9s, el \u00abApruebo\u00bb venci\u00f3 casi \u00fanicamente entre una mayor\u00eda de chilenos en el exterior, donde hab\u00eda unos 100.000 electores inscritos.<\/p>\n<p>&nbsp;<\/p>\n<p>El nuevo texto, de 388 art\u00edculos y elaborado durante un a\u00f1o por una Convenci\u00f3n Constitucional, consagraba un \u00abEstado social de derechos\u00bb, en respuesta a reclamos expresados en las masivas manifestaciones de octubre de 2019.<\/p>\n<p>&nbsp;<\/p>\n<p>Los elementos que m\u00e1s divisiones provocaron del proyecto fue haber consagrado la plurinacionalidad ind\u00edgena y haber incluido en su nuevo cat\u00e1logo de derechos sociales el aborto, el derecho a la vivienda \u00abdigna\u00bb en un texto con un marcado \u00e9nfasis medioambiental que sin embargo manten\u00eda el modelo de econom\u00eda de mercado.<\/p>\n<p>Todas las encuestas hab\u00edan anticipado el triunfo del \u00abRechazo\u00bb pero ninguna con tanta holgura.<\/p>\n<p>\u00abEs un desastre, estoy super triste. No puedo creer esto. Hemos pasado muchas cosas en la calle para terminar as\u00ed\u00bb, dijo a la AFP Mar\u00eda Jos\u00e9 P\u00e9rez, de 33 a\u00f1os, partidaria del \u00abApruebo\u00bb frustrada en Plaza Italia, donde cientos se juntaban a compartir su frustraci\u00f3n. Fuente AFP.<\/p>\n<p>&nbsp;<\/p>\n<p>&nbsp;<\/p>\n","protected":false},"excerpt":{"rendered":"<p>Chile rechaza por mayor\u00eda la propuesta de nueva Constituci\u00f3n M\u00e1s de 15 millones de electores estaban convocados a las urnas en una jornada con alta participaci\u00f3n por voto obligatorio. En gran parte del pa\u00eds se impuso la opci\u00f3n en contra de la nueva Carta Magna. &nbsp; &nbsp; Peri\u00f3dico Digital La Regi\u00f3n Sur, 04 setiembre 2022.- &hellip;<\/p>\n","protected":false},"author":1,"featured_media":4081,"comment_status":"open","ping_status":"open","sticky":false,"template":"","format":"standard","meta":{"footnotes":""},"categories":[58,40],"tags":[],"class_list":["post-4078","post","type-post","status-publish","format-standard","has-post-thumbnail","","category-internacionales","category-nacionales"],"_links":{"self":[{"href":"https:\/\/laregionsur.com\/index.php?rest_route=\/wp\/v2\/posts\/4078","targetHints":{"allow":["GET"]}}],"collection":[{"href":"https:\/\/laregionsur.com\/index.php?rest_route=\/wp\/v2\/posts"}],"about":[{"href":"https:\/\/laregionsur.com\/index.php?rest_route=\/wp\/v2\/types\/post"}],"author":[{"embeddable":true,"href":"https:\/\/laregionsur.com\/index.php?rest_route=\/wp\/v2\/users\/1"}],"replies":[{"embeddable":true,"href":"https:\/\/laregionsur.com\/index.php?rest_route=%2Fwp%2Fv2%2Fcomments&post=4078"}],"version-history":[{"count":0,"href":"https:\/\/laregionsur.com\/index.php?rest_route=\/wp\/v2\/posts\/4078\/revisions"}],"wp:featuredmedia":[{"embeddable":true,"href":"https:\/\/laregionsur.com\/index.php?rest_route=\/"}],"wp:attachment":[{"href":"https:\/\/laregionsur.com\/index.php?rest_route=%2Fwp%2Fv2%2Fmedia&parent=4078"}],"wp:term":[{"taxonomy":"category","embeddable":true,"href":"https:\/\/laregionsur.com\/index.php?rest_route=%2Fwp%2Fv2%2Fcategories&post=4078"},{"taxonomy":"post_tag","embeddable":true,"href":"https:\/\/laregionsur.com\/index.php?rest_route=%2Fwp%2Fv2%2Ftags&post=4078"}],"curies":[{"name":"wp","href":"https:\/\/api.w.org\/{rel}","templated":true}]}}