{"id":4024,"date":"2022-08-31T17:56:03","date_gmt":"2022-08-31T17:56:03","guid":{"rendered":"https:\/\/laregionsur.com\/?p=4024"},"modified":"2022-08-31T17:56:03","modified_gmt":"2022-08-31T17:56:03","slug":"difunden-chat-entre-carmen-alva-y-patricia-chirinos-sobre-supuesta-negociacion-con-congresista-isabel-cortez","status":"publish","type":"post","link":"https:\/\/laregionsur.com\/?p=4024","title":{"rendered":"Difunden chat entre Carmen Alva y Patricia Chirinos  sobre supuesta negociaci\u00f3n con congresista Isabel Cortez"},"content":{"rendered":"<p>Difunden chat entre Carmen Alva y Patricia Chirinos<\/p>\n<p>sobre supuesta negociaci\u00f3n con congresista Isabel Cortez<\/p>\n<p>&nbsp;<\/p>\n<ul>\n<li>Fotograf\u00eda publicada por el diario La Rep\u00fablica revela conversaciones entre Mar\u00eda del Carmen Alva y Patricia Chirinos sobre la eventualidad de apoyar un proyecto de ley presentado por Isabel Cortez a cambio de retiro de denuncia por agresi\u00f3n contra la expresidenta del Congreso.<\/li>\n<\/ul>\n<p>&nbsp;<\/p>\n<p>&nbsp;<\/p>\n<p>Peri\u00f3dico Digital La Regi\u00f3n Sur, 31 agosto 2022.- La expresidenta del Congreso Mar\u00eda del Carmen Alva mantuvo una conversaci\u00f3n en WhastApp con la parlamentaria Patricia Chirinos (Avanza Pa\u00eds), sobre la posibilidad de que se retire la denuncia por agresi\u00f3n en su contra realizada por la parlamentaria de Cambio Democr\u00e1tico, Isabel Cortez, ante la Comisi\u00f3n de \u00c9tica. Capturas del chat publicados por el diario La Rep\u00fablica, muestran que las congresistas hablan sobre una eventual negociaci\u00f3n con Cortez a cambio de apoyar una de sus iniciativas legislativas.<\/p>\n<p>&nbsp;<\/p>\n<p>En la conversaci\u00f3n difundida por La Rep\u00fablica, Chirinos recomienda a Alva hablar directamente con Cortez, a lo que Alva responde que la congresista de Cambio Democr\u00e1tico le hab\u00eda pedido a apoyo en el proyecto de ley que plantea beneficiar a los trabajadores con un tiempo de refrigerio dentro de la jornada laboral de ocho horas.<\/p>\n<p>Chirinos: \u00abHabla directo con ella\u00bb.<\/p>\n<p>Alva: \u00abY me pide el PL de refrigerio\u00bb.<\/p>\n<p>Chirinos: \u00abLa apoyas en un pl pero retiras la denuncia \/ Ya pues (en respuesta al PL pedido por Cortez) \/ Pero t\u00fa no me digas eso. T\u00fa nom\u00e1s ofr\u00e9cele apoyo para eso. Por un voto no cambiar\u00e1s nada\u00bb.<\/p>\n<p>Isabel Cortez: Necesito el voto de la mayor\u00eda de congresistas, pero eso jam\u00e1s har\u00e1 que negocie<\/p>\n<p>&nbsp;<\/p>\n<p>En respuesta a lo trascendido, Isabel Cortez respondi\u00f3 a trav\u00e9s de sus redes sociales y se\u00f1al\u00f3 que si bien necesita el apoyo de la mayor\u00eda de congresistas para sacar adelante su proyecto de ley, no est\u00e1 dispuesta a realizar negociados para obtener los votos.<\/p>\n<p>&nbsp;<\/p>\n<p>\u00abComo bien saben, busco siempre el apoyo a mis PL porque son en beneficio de la clase trabajadora y para aprobarlos necesito el voto de la mayor\u00eda de congresistas. Eso jam\u00e1s har\u00e1 que yo negocie algo\u00bb, escribi\u00f3 en su cuenta de Twitter.<\/p>\n<p>&nbsp;<\/p>\n<p>Adem\u00e1s, rechaz\u00f3 la publicaci\u00f3n en donde se le vincula a un negociado y refiri\u00f3 que esa conversaci\u00f3n es exclusiva entre Mar\u00eda del Carmen Alva y Patricia Chirinos.<\/p>\n<p>&nbsp;<\/p>\n<p>\u00abRechazo la portada de hoy de la Rep\u00fablica donde insin\u00faan que estoy negociando impunidad por conversaciones que pertenecen exclusivamente a las congresistas Alva y Chirinos. Que no les guste mi posici\u00f3n que rechaza el golpe blando que promueven, no les da el derecho a desinformar\u00bb, agreg\u00f3.<\/p>\n<p>AGRESI\u00d3N CONTRA ISABEL CORTEZ<\/p>\n<p>&nbsp;<\/p>\n<p>El \u00faltimo 11 de agosto de 2022, la bancada Cambio Democr\u00e1tico-Juntos por el Per\u00fa formaliz\u00f3 la denuncia contra Mar\u00eda del Carmen Alva, luego de que la expresidenta del Congreso agrediera f\u00edsicamente a la parlamentaria Isabel Cortez en una sesi\u00f3n del pleno.<\/p>\n<p>&nbsp;<\/p>\n<p>\u00abHemos formalizado la denuncia a la Comisi\u00f3n de \u00c9tica a la congresista Mar\u00eda Del Carmen Alva por la agresi\u00f3n contra nuestra compa\u00f1era Isabel Cortez. Esperamos que se tramite con celeridad en busca de una sanci\u00f3n ejemplar\u00bb, public\u00f3 la bancada a trav\u00e9s de sus redes sociales.<\/p>\n<p>Proyecto de ley de refrigerio<\/p>\n<p>&nbsp;<\/p>\n<p>El proyecto de ley 671, presentado el pasado 9 de noviembre del 2021 por Isabel Cortez, plantea incluir el horario de refrigerio (que no ser\u00e1 menor de 45 minutos) como parte de la jornada laboral.<\/p>\n<p>&nbsp;<\/p>\n<p>Esta iniciativa pretende modificar el art\u00edculo 7 del Texto \u00danico Ordenado del Decreto Legislativo N\u00b0854 a fin de redefinir la regulaci\u00f3n de los descansos. Fuente: rpp<\/p>\n","protected":false},"excerpt":{"rendered":"<p>Difunden chat entre Carmen Alva y Patricia Chirinos sobre supuesta negociaci\u00f3n con congresista Isabel Cortez &nbsp; Fotograf\u00eda publicada por el diario La Rep\u00fablica revela conversaciones entre Mar\u00eda del Carmen Alva y Patricia Chirinos sobre la eventualidad de apoyar un proyecto de ley presentado por Isabel Cortez a cambio de retiro de denuncia por agresi\u00f3n contra &hellip;<\/p>\n","protected":false},"author":1,"featured_media":4025,"comment_status":"open","ping_status":"open","sticky":false,"template":"","format":"standard","meta":{"footnotes":""},"categories":[40],"tags":[],"class_list":["post-4024","post","type-post","status-publish","format-standard","has-post-thumbnail","","category-nacionales"],"_links":{"self":[{"href":"https:\/\/laregionsur.com\/index.php?rest_route=\/wp\/v2\/posts\/4024","targetHints":{"allow":["GET"]}}],"collection":[{"href":"https:\/\/laregionsur.com\/index.php?rest_route=\/wp\/v2\/posts"}],"about":[{"href":"https:\/\/laregionsur.com\/index.php?rest_route=\/wp\/v2\/types\/post"}],"author":[{"embeddable":true,"href":"https:\/\/laregionsur.com\/index.php?rest_route=\/wp\/v2\/users\/1"}],"replies":[{"embeddable":true,"href":"https:\/\/laregionsur.com\/index.php?rest_route=%2Fwp%2Fv2%2Fcomments&post=4024"}],"version-history":[{"count":0,"href":"https:\/\/laregionsur.com\/index.php?rest_route=\/wp\/v2\/posts\/4024\/revisions"}],"wp:featuredmedia":[{"embeddable":true,"href":"https:\/\/laregionsur.com\/index.php?rest_route=\/"}],"wp:attachment":[{"href":"https:\/\/laregionsur.com\/index.php?rest_route=%2Fwp%2Fv2%2Fmedia&parent=4024"}],"wp:term":[{"taxonomy":"category","embeddable":true,"href":"https:\/\/laregionsur.com\/index.php?rest_route=%2Fwp%2Fv2%2Fcategories&post=4024"},{"taxonomy":"post_tag","embeddable":true,"href":"https:\/\/laregionsur.com\/index.php?rest_route=%2Fwp%2Fv2%2Ftags&post=4024"}],"curies":[{"name":"wp","href":"https:\/\/api.w.org\/{rel}","templated":true}]}}