{"id":4018,"date":"2022-08-31T13:38:29","date_gmt":"2022-08-31T13:38:29","guid":{"rendered":"https:\/\/laregionsur.com\/?p=4018"},"modified":"2022-08-31T13:38:29","modified_gmt":"2022-08-31T13:38:29","slug":"me-la-van-a-engrilletar-dice-pedro-castillo-sobre-su-esposa","status":"publish","type":"post","link":"https:\/\/laregionsur.com\/?p=4018","title":{"rendered":"\u00abMe la van a engrilletar\u00bb dice Pedro Castillo sobre su esposa"},"content":{"rendered":"<p>\u00abMe la van a engrilletar\u00bb dice Pedro Castillo sobre su esposa<\/p>\n<div class=\"article-image-slot\" data-is-first=\"true\" data-image-href=\"https:\/\/www.msn.com\/es-pe\/noticias\/otras\/pedro-castillo-adelanta-que-lilia-paredes-ir%C3%A1-a-la-c%C3%A1rcel-me-la-van-a-engrilletar\/ar-AA11fkEM?cvid=9bed6d47fb534dca9bd84a17438747b7&amp;fromMaestro=true&amp;fullscreen=true#image=1\" data-doc-id=\"cms\/api\/amp\/image\/AA11fxei\" data-rendered=\"true\"><\/div>\n<p data-t=\"{&quot;n&quot;:&quot;blueLinks&quot;}\">Peri\u00f3dico Digital La Regi\u00f3n Sur, 31 agosto 2022.- Luego de que su sobrina<a tabindex=\"0\" href=\"https:\/\/elpopular.pe\/actualidad\/2022\/08\/28\/yenifer-paredes-cuando-saldria-prision-decision-corte-superior-justicia-148073\" target=\"_blank\" rel=\"noopener\" data-t=\"{&quot;n&quot;:&quot;destination&quot;,&quot;t&quot;:13,&quot;b&quot;:1,&quot;c.t&quot;:7}\"> Yenifer Paredes fuera puesta en prisi\u00f3n preventiva por 30 meses<\/a>, el presidente de la Rep\u00fablica, <strong>Pedro Castillo<\/strong>, asever\u00f3 que sus detractores ir\u00e1n ahora por su esposa, la primera dama <strong>Lilia Paredes<\/strong>. El mandatario asegur\u00f3 que sus opositores no parar\u00e1n hasta \u00abquebrarlo\u00bb o verlo tras las rejas por presunta <strong>organizaci\u00f3n criminal<\/strong>.<\/p>\n<p data-t=\"{&quot;n&quot;:&quot;blueLinks&quot;}\">Como se sabe, la primera dama es acusada por el Equipo Especial de Fiscales contra la Corrupci\u00f3n del Poder de ser la \u00abcoordinadora\u00bb de la presunta red criminal enquistada en Palacio de Gobierno, y cuyo l\u00edder ser\u00eda ni m\u00e1s ni menos que el presidente Castillo Terrones.<\/p>\n<p data-t=\"{&quot;n&quot;:&quot;blueLinks&quot;}\">El d\u00eda domingo pasado por la noche la Corte Superior de Justicia, a cargo del juez Johnny G\u00f3mez Balboa, decidi\u00f3 enviar por <strong>30 meses de prisi\u00f3n preventiva<\/strong> contra <strong>Yenifer Paredes<\/strong> por los presuntos delitos de colusi\u00f3n agravada y lavado de activos en agravio del\u00a0Estado. Ella se encuentra ahora en el penal de Anc\u00f3n II.<\/p>\n<p class=\"continue-read-break\" data-t=\"{&quot;n&quot;:&quot;blueLinks&quot;}\">La misma suerte corri\u00f3 el alcalde de Angu\u00eda, de Cajamarca, Jos\u00e9 Medina, quien ser\u00e1 investigado desde la c\u00e1rcel hasta el a\u00f1o 2025. A \u00e9l se le se\u00f1ala de ser uno de los \u00aboperadores\u00bb de la presunta organizaci\u00f3n criminal, que se beneficiaba con dinero ilegal a cambio de favorecer con obras p\u00fablicas en la regi\u00f3n. Fuente: msm.<\/p>\n","protected":false},"excerpt":{"rendered":"<p>\u00abMe la van a engrilletar\u00bb dice Pedro Castillo sobre su esposa Peri\u00f3dico Digital La Regi\u00f3n Sur, 31 agosto 2022.- Luego de que su sobrina Yenifer Paredes fuera puesta en prisi\u00f3n preventiva por 30 meses, el presidente de la Rep\u00fablica, Pedro Castillo, asever\u00f3 que sus detractores ir\u00e1n ahora por su esposa, la primera dama Lilia Paredes. &hellip;<\/p>\n","protected":false},"author":1,"featured_media":4019,"comment_status":"open","ping_status":"open","sticky":false,"template":"","format":"standard","meta":{"footnotes":""},"categories":[39,40],"tags":[],"class_list":["post-4018","post","type-post","status-publish","format-standard","has-post-thumbnail","","category-stock-market","category-nacionales"],"_links":{"self":[{"href":"https:\/\/laregionsur.com\/index.php?rest_route=\/wp\/v2\/posts\/4018","targetHints":{"allow":["GET"]}}],"collection":[{"href":"https:\/\/laregionsur.com\/index.php?rest_route=\/wp\/v2\/posts"}],"about":[{"href":"https:\/\/laregionsur.com\/index.php?rest_route=\/wp\/v2\/types\/post"}],"author":[{"embeddable":true,"href":"https:\/\/laregionsur.com\/index.php?rest_route=\/wp\/v2\/users\/1"}],"replies":[{"embeddable":true,"href":"https:\/\/laregionsur.com\/index.php?rest_route=%2Fwp%2Fv2%2Fcomments&post=4018"}],"version-history":[{"count":0,"href":"https:\/\/laregionsur.com\/index.php?rest_route=\/wp\/v2\/posts\/4018\/revisions"}],"wp:featuredmedia":[{"embeddable":true,"href":"https:\/\/laregionsur.com\/index.php?rest_route=\/"}],"wp:attachment":[{"href":"https:\/\/laregionsur.com\/index.php?rest_route=%2Fwp%2Fv2%2Fmedia&parent=4018"}],"wp:term":[{"taxonomy":"category","embeddable":true,"href":"https:\/\/laregionsur.com\/index.php?rest_route=%2Fwp%2Fv2%2Fcategories&post=4018"},{"taxonomy":"post_tag","embeddable":true,"href":"https:\/\/laregionsur.com\/index.php?rest_route=%2Fwp%2Fv2%2Ftags&post=4018"}],"curies":[{"name":"wp","href":"https:\/\/api.w.org\/{rel}","templated":true}]}}