{"id":3978,"date":"2022-08-23T22:55:39","date_gmt":"2022-08-23T22:55:39","guid":{"rendered":"https:\/\/laregionsur.com\/?p=3978"},"modified":"2022-08-23T22:55:39","modified_gmt":"2022-08-23T22:55:39","slug":"representantes-de-radiodifusores-proponen-a-mtc-revisar-cronograma-del-apagon-analogico-de-television","status":"publish","type":"post","link":"https:\/\/laregionsur.com\/?p=3978","title":{"rendered":"Representantes de radiodifusores proponen a MTC  revisar cronograma del apag\u00f3n anal\u00f3gico de televisi\u00f3n"},"content":{"rendered":"<p>Representantes de radiodifusores proponen a MTC<\/p>\n<p>revisar cronograma del apag\u00f3n anal\u00f3gico de televisi\u00f3n<\/p>\n<p>&nbsp;<\/p>\n<p>\u2022 El fin de las transmisiones con tecnolog\u00eda anal\u00f3gica para Lima y Callao est\u00e1 programada para fines de 2022.<\/p>\n<p>&nbsp;<\/p>\n<p>Peri\u00f3dico Digital La Regi\u00f3n Sur, 23 agosto 2022.- El viceministro de Comunicaciones, V\u00edctor Omar \u00c1lvarez Herrera, se reuni\u00f3 hoy con representantes de la Sociedad Nacional de Radio y Televisi\u00f3n y la Confederaci\u00f3n Nacional de Radio y Televisi\u00f3n para revisar las fechas del apag\u00f3n anal\u00f3gico en el marco de la implementaci\u00f3n de la Televisi\u00f3n Digital Terrestre (TDT) en Per\u00fa.<br \/>\n\u00c1lvarez refiri\u00f3 que los representantes de los referidos gremios solicitaron la creaci\u00f3n de una mesa de trabajo que permita revisar el cronograma para el apag\u00f3n anal\u00f3gico en Lima (territorio 01) y provincias (territorio 02,03,04,05), incluidos en el Plan Maestro para implementar la TDT en Per\u00fa\u201d (DS N\u00ba 017-2010-MTC).<br \/>\nDe acuerdo a este plan, el primer \u201capag\u00f3n\u201d est\u00e1 previsto para el 31 de diciembre de 2022 (Lima y Callao) y culminar\u00eda el 31 de diciembre de 2028 (al interior del pa\u00eds).<br \/>\nSobre este tema, el viceministro de Comunicaciones reiter\u00f3 que la implementaci\u00f3n de la TDT se desarrollar\u00e1 de manera gradual, para lo cual se han establecido cinco territorios, donde se han programado \u201capagones anal\u00f3gicos escalonados\u201d.<\/p>\n<p>Se conoce como apag\u00f3n anal\u00f3gico al cese definitivo de la se\u00f1al anal\u00f3gica de transmisi\u00f3n por parte de las empresas de radiodifusi\u00f3n televisiva y se da paso \u00fanicamente a la digital. Actualmente, en Per\u00fa, se transmiten en forma simult\u00e1nea la se\u00f1al anal\u00f3gica y digital<\/p>\n","protected":false},"excerpt":{"rendered":"<p>Representantes de radiodifusores proponen a MTC revisar cronograma del apag\u00f3n anal\u00f3gico de televisi\u00f3n &nbsp; \u2022 El fin de las transmisiones con tecnolog\u00eda anal\u00f3gica para Lima y Callao est\u00e1 programada para fines de 2022. &nbsp; Peri\u00f3dico Digital La Regi\u00f3n Sur, 23 agosto 2022.- El viceministro de Comunicaciones, V\u00edctor Omar \u00c1lvarez Herrera, se reuni\u00f3 hoy con representantes &hellip;<\/p>\n","protected":false},"author":1,"featured_media":3981,"comment_status":"open","ping_status":"open","sticky":false,"template":"","format":"standard","meta":{"footnotes":""},"categories":[39,40],"tags":[],"class_list":["post-3978","post","type-post","status-publish","format-standard","has-post-thumbnail","","category-stock-market","category-nacionales"],"_links":{"self":[{"href":"https:\/\/laregionsur.com\/index.php?rest_route=\/wp\/v2\/posts\/3978","targetHints":{"allow":["GET"]}}],"collection":[{"href":"https:\/\/laregionsur.com\/index.php?rest_route=\/wp\/v2\/posts"}],"about":[{"href":"https:\/\/laregionsur.com\/index.php?rest_route=\/wp\/v2\/types\/post"}],"author":[{"embeddable":true,"href":"https:\/\/laregionsur.com\/index.php?rest_route=\/wp\/v2\/users\/1"}],"replies":[{"embeddable":true,"href":"https:\/\/laregionsur.com\/index.php?rest_route=%2Fwp%2Fv2%2Fcomments&post=3978"}],"version-history":[{"count":0,"href":"https:\/\/laregionsur.com\/index.php?rest_route=\/wp\/v2\/posts\/3978\/revisions"}],"wp:featuredmedia":[{"embeddable":true,"href":"https:\/\/laregionsur.com\/index.php?rest_route=\/"}],"wp:attachment":[{"href":"https:\/\/laregionsur.com\/index.php?rest_route=%2Fwp%2Fv2%2Fmedia&parent=3978"}],"wp:term":[{"taxonomy":"category","embeddable":true,"href":"https:\/\/laregionsur.com\/index.php?rest_route=%2Fwp%2Fv2%2Fcategories&post=3978"},{"taxonomy":"post_tag","embeddable":true,"href":"https:\/\/laregionsur.com\/index.php?rest_route=%2Fwp%2Fv2%2Ftags&post=3978"}],"curies":[{"name":"wp","href":"https:\/\/api.w.org\/{rel}","templated":true}]}}