{"id":3890,"date":"2022-08-12T17:50:45","date_gmt":"2022-08-12T17:50:45","guid":{"rendered":"https:\/\/laregionsur.com\/?p=3890"},"modified":"2022-08-12T17:50:45","modified_gmt":"2022-08-12T17:50:45","slug":"colocan-primera-piedra-de-nueva-sede-del-coar-tacna-que-ejecuta-southern-peru","status":"publish","type":"post","link":"https:\/\/laregionsur.com\/?p=3890","title":{"rendered":"Colocan primera piedra de nueva sede del  COAR Tacna que ejecuta Southern Per\u00fa"},"content":{"rendered":"<p>Colocan primera piedra de nueva sede del<\/p>\n<p>COAR Tacna que ejecuta Southern Per\u00fa<\/p>\n<p>&nbsp;<\/p>\n<p>* Sede es ejecutada por la modalidad de Obras por Impuesto<\/p>\n<ul>\n<li>Instituci\u00f3n educativa contar\u00e1 con nueva infraestructura y equipamiento para beneficiar a estudiantes de excelencia acad\u00e9mica de la regi\u00f3n Tacna.<\/li>\n<\/ul>\n<p>&nbsp;<\/p>\n<p>Peri\u00f3dico Digital La Regi\u00f3n Sur, 12 agosto 2022.- Southern Per\u00fa, junto al Ministerio de Educaci\u00f3n (MINEDU) y el Gobierno Regional de Tacna (GRT), tiene la misi\u00f3n de hacer realidad la infraestructura educativa, equipamiento y mobiliario del Colegio de Alto Rendimiento &#8211; COAR de Tacna, v\u00eda la modalidad Obras por Impuestos, que demandar\u00e1 la inversi\u00f3n p\u00fablico-privada de S\/ 97,7 millones.<\/p>\n<p>Precisamente el jueves 11 de agosto, se realiz\u00f3 la colocaci\u00f3n simb\u00f3lica de la primera piedra del proyecto, de alto impacto educativo, que beneficiar\u00e1 de manera directa a 300 alumnos de excelencia acad\u00e9mica, procedentes de las cuatro provincias tacne\u00f1as: Tacna, Candarave, Jorge Basadre y Tarata.<\/p>\n<p>El proyecto apunta a consolidar un moderno centro educativo de dos niveles que incluye: 12 aulas, 04 laboratorios, zona residencial de tres niveles, zona de talleres, biblioteca, piscina, zonas deportivas, ambientes administrativos, polideportivo y zona de servicios generales.<\/p>\n<p>Los menores residir\u00e1n en esta instituci\u00f3n educativa y acceder\u00e1n a un servicio educativo de calidad, con el objetivo de consolidar su formaci\u00f3n acad\u00e9mica, El proyecto, adem\u00e1s, representa un valioso aporte socioecon\u00f3mico para la regi\u00f3n, porque las obras permitir\u00e1n la generaci\u00f3n de nuevas fuentes de empleo directo e indirecto, as\u00ed como la dinamizaci\u00f3n de la econom\u00eda local mediante la adquisici\u00f3n de bienes y\/o servicios.<\/p>\n<p>La ceremonia cont\u00f3 con la participaci\u00f3n del ministro de Educaci\u00f3n, Prof. Rosendo Serna; el gobernador regional de Tacna, Ing. Juan Tonconi; el alcalde provincial de Tacna, Sr. Julio Medina; el director ejecutivo del Programa Nacional de Infraestructura Educativa (PRONIED), Ing. Julio Piscoya Quevedo; el director del COAR Tacna, Prof. Javier Anhuam\u00e1n, acompa\u00f1ado de alumnos y docentes de la instituci\u00f3n educativa, entre otros.<\/p>\n<p>En representaci\u00f3n de Southern Per\u00fa, particip\u00f3 el Director de Operaciones Ilo, Ing. Manuel Mungu\u00eda Aguirre, as\u00ed como funcionarios de la Gerencia de Desarrollo Comunitario, para hacer extensivo el saludo protocolar de la compa\u00f1\u00eda y sus trabajadores a la comunidad tacne\u00f1a.<\/p>\n<p>EDUCACI\u00d3N INTEGRAL<\/p>\n<p>La formaci\u00f3n integral en un Colegio de Alto Rendimiento (COAR) se enmarca en la Ley N\u00b0 28044 Ley General de Educaci\u00f3n y el Proyecto Educativo Nacional para el 2021, cuyo prop\u00f3sito es formar personas capaces de lograr su propia realizaci\u00f3n sobre principios claves como equidad, inclusi\u00f3n, interculturalidad y calidad educativa.<\/p>\n<p>Este proyecto educativo contribuir\u00e1 a optimizar los niveles de excelencia educativa en Tacna, cuyos estudiantes ocupan el primer lugar pa\u00eds en calidad educativa por cuarto a\u00f1o consecutivo en 2021, seg\u00fan la Evaluaci\u00f3n Censal de Estudiantes (ECE) del MINEDU, que eval\u00faa los logros en Matem\u00e1ticas, Lectura, Ciencias Sociales y Ciencia y Tecnolog\u00eda.<\/p>\n<p>Asimismo, obtuvo el primer lugar en el rubro Educaci\u00f3n, por s\u00e9ptimo a\u00f1o consecutivo, de acuerdo al \u00cdndice de Competitividad Regional 2022 del Instituto Peruano de Econom\u00eda (IPE).<\/p>\n<p>DATA T\u00c9CNICA<\/p>\n<p>La nueva sede del COAR Tacna incluye la construcci\u00f3n de 08 componentes f\u00edsicos, a ejecutarse durante 548 d\u00edas calendario, sobre un \u00e1rea total de 28,295 metros cuadrados, en un terreno de la Carretera Panamericana Sur.<\/p>\n<table>\n<tbody>\n<tr>\n<td width=\"286\"><strong><u>ESPACIOS <\/u><\/strong><\/td>\n<td width=\"286\"><strong><u>CARACTER\u00cdSTICAS <\/u><\/strong><\/p>\n<p><u>\u00a0<\/u><\/td>\n<\/tr>\n<tr>\n<td width=\"286\"><strong>Educaci\u00f3n <\/strong><\/td>\n<td width=\"286\">De 02 niveles: mezzanine, 12 aulas, 04 laboratorios, SS.HH., ambientes de talleres, gesti\u00f3n y direcci\u00f3n pedag\u00f3gica, y papeler\u00eda.<\/p>\n<p>&nbsp;<\/td>\n<\/tr>\n<tr>\n<td width=\"286\"><strong>Residencia <\/strong><\/td>\n<td width=\"286\">De 03 niveles: 59 habitaciones con servicios higi\u00e9nicos, habitaciones para estudiantes con discapacidad, mezzanine, etc.<\/p>\n<p>&nbsp;<\/td>\n<\/tr>\n<tr>\n<td width=\"286\"><strong>Biblioteca <\/strong><\/td>\n<td width=\"286\">De 02 niveles: 02 aulas de innovaci\u00f3n pedag\u00f3gica, 02 salas de lectura, sala de recursos inform\u00e1ticos y audiovisuales, etc.<\/p>\n<p>&nbsp;<\/td>\n<\/tr>\n<tr>\n<td width=\"286\"><strong>Bloque Deportivo <\/strong><\/td>\n<td width=\"286\">De 02 niveles: gimnasio, piscina, losas deportivas de usos m\u00faltiples, SS.HH. con vestidores, \u00e1rea de primeros auxilios, etc.<\/p>\n<p>&nbsp;<\/td>\n<\/tr>\n<tr>\n<td width=\"286\"><strong>Obras exteriores <\/strong><\/td>\n<td width=\"286\">Rampas, veredas, \u00e1reas verdes, barandas, instalaciones el\u00e9ctricas, sistemas de comunicaciones, alarmas, etc.<\/p>\n<p>&nbsp;<\/td>\n<\/tr>\n<tr>\n<td width=\"286\"><strong>\u00c1reas exteriores <\/strong><\/td>\n<td width=\"286\">Circulaci\u00f3n sin techar (2,488.34 m\u00b2), eje articulador (588.33 m\u00b2), cintur\u00f3n de bienestar (295.68 m\u00b2), plazas de ingreso (2,240.20 m\u00b2), integraci\u00f3n (623.43 m\u00b2) y recreaci\u00f3n (693.55 m\u00b2); \u00e1reas verdes (9,783.42 m\u00b2).<\/p>\n<p>&nbsp;<\/td>\n<\/tr>\n<tr>\n<td width=\"286\"><strong>Administraci\u00f3n <\/strong><\/td>\n<td width=\"286\">Oficinas de Bienestar y Desarrollo Estudiantil, Administraci\u00f3n y Direcci\u00f3n General; y el ambiente de Control de seguridad y SS.HH.<\/p>\n<p>&nbsp;<\/td>\n<\/tr>\n<tr>\n<td width=\"286\"><strong>Servicios Generales <\/strong><\/td>\n<td width=\"286\">S\u00f3tano, subestaci\u00f3n el\u00e9ctrica, control de seguridad, almacenes, lavander\u00eda, t\u00f3pico, cocina, comedor, etc.<\/td>\n<\/tr>\n<\/tbody>\n<\/table>\n<p>&nbsp;<\/p>\n<p>&nbsp;<\/p>\n<p><img loading=\"lazy\" decoding=\"async\" class=\"alignnone size-medium wp-image-3892\" src=\"https:\/\/laregionsur.com\/wp-content\/uploads\/2022\/08\/IMG_9904-300x200.jpg\" alt=\"\" width=\"300\" height=\"200\" \/><\/p>\n<p><img loading=\"lazy\" decoding=\"async\" class=\"alignnone size-medium wp-image-3893\" src=\"https:\/\/laregionsur.com\/wp-content\/uploads\/2022\/08\/IMG_9933-300x200.jpg\" alt=\"\" width=\"300\" height=\"200\" \/> <img loading=\"lazy\" decoding=\"async\" class=\"alignnone size-medium wp-image-3894\" src=\"https:\/\/laregionsur.com\/wp-content\/uploads\/2022\/08\/IMG_9964-300x200.jpg\" alt=\"\" width=\"300\" height=\"200\" \/> <img loading=\"lazy\" decoding=\"async\" class=\"alignnone size-medium wp-image-3895\" src=\"https:\/\/laregionsur.com\/wp-content\/uploads\/2022\/08\/IMG_9987-300x200.jpg\" alt=\"\" width=\"300\" height=\"200\" \/> <img loading=\"lazy\" decoding=\"async\" class=\"alignnone size-medium wp-image-3896\" src=\"https:\/\/laregionsur.com\/wp-content\/uploads\/2022\/08\/IMG_9992-300x200.jpg\" alt=\"\" width=\"300\" height=\"200\" \/><\/p>\n","protected":false},"excerpt":{"rendered":"<p>Colocan primera piedra de nueva sede del COAR Tacna que ejecuta Southern Per\u00fa &nbsp; * Sede es ejecutada por la modalidad de Obras por Impuesto Instituci\u00f3n educativa contar\u00e1 con nueva infraestructura y equipamiento para beneficiar a estudiantes de excelencia acad\u00e9mica de la regi\u00f3n Tacna. &nbsp; Peri\u00f3dico Digital La Regi\u00f3n Sur, 12 agosto 2022.- Southern Per\u00fa, &hellip;<\/p>\n","protected":false},"author":1,"featured_media":3891,"comment_status":"open","ping_status":"open","sticky":false,"template":"","format":"standard","meta":{"footnotes":""},"categories":[40,44],"tags":[],"class_list":["post-3890","post","type-post","status-publish","format-standard","has-post-thumbnail","","category-nacionales","category-global-trade"],"_links":{"self":[{"href":"https:\/\/laregionsur.com\/index.php?rest_route=\/wp\/v2\/posts\/3890","targetHints":{"allow":["GET"]}}],"collection":[{"href":"https:\/\/laregionsur.com\/index.php?rest_route=\/wp\/v2\/posts"}],"about":[{"href":"https:\/\/laregionsur.com\/index.php?rest_route=\/wp\/v2\/types\/post"}],"author":[{"embeddable":true,"href":"https:\/\/laregionsur.com\/index.php?rest_route=\/wp\/v2\/users\/1"}],"replies":[{"embeddable":true,"href":"https:\/\/laregionsur.com\/index.php?rest_route=%2Fwp%2Fv2%2Fcomments&post=3890"}],"version-history":[{"count":0,"href":"https:\/\/laregionsur.com\/index.php?rest_route=\/wp\/v2\/posts\/3890\/revisions"}],"wp:featuredmedia":[{"embeddable":true,"href":"https:\/\/laregionsur.com\/index.php?rest_route=\/"}],"wp:attachment":[{"href":"https:\/\/laregionsur.com\/index.php?rest_route=%2Fwp%2Fv2%2Fmedia&parent=3890"}],"wp:term":[{"taxonomy":"category","embeddable":true,"href":"https:\/\/laregionsur.com\/index.php?rest_route=%2Fwp%2Fv2%2Fcategories&post=3890"},{"taxonomy":"post_tag","embeddable":true,"href":"https:\/\/laregionsur.com\/index.php?rest_route=%2Fwp%2Fv2%2Ftags&post=3890"}],"curies":[{"name":"wp","href":"https:\/\/api.w.org\/{rel}","templated":true}]}}