{"id":3780,"date":"2022-08-03T14:13:45","date_gmt":"2022-08-03T14:13:45","guid":{"rendered":"https:\/\/laregionsur.com\/?p=3780"},"modified":"2022-08-03T14:13:45","modified_gmt":"2022-08-03T14:13:45","slug":"sorpresiva-renuncia-de-anibal-torres-al-cargo-de-premier","status":"publish","type":"post","link":"https:\/\/laregionsur.com\/?p=3780","title":{"rendered":"Sorpresiva Renuncia de An\u00edbal Torres al cargo de premier\u00a0"},"content":{"rendered":"<p>Sorpresiva Renuncia de An\u00edbal Torres al cargo de premier<\/p>\n<ul>\n<li>Diversas bancadas mostraron opini\u00f3n a favor y en contra de la salida de An\u00edbal Torres.<\/li>\n<li>Desde el oficialismo piden que el presidente Pedro Castillo no acepte la renuncia del jefe del Gabinete.<\/li>\n<\/ul>\n<p>&nbsp;<\/p>\n<p>Peri\u00f3dico Digital La Regi\u00f3n Sur, 03 agosto-.2022. Diversos Congresistas de \u00a0bancadas del Congreso, se pronunciaron luego de que el jefe del Gabinete, An\u00edbal Torres, hiciera p\u00fablica una carta enviada a Pedro Castillo en la que pone su cargo a disposici\u00f3n del presidente de la Rep\u00fablica.<\/p>\n<p>Por su parte el congresista Edgar Tello, del Bloque Magisterial, consider\u00f3 que la salida de An\u00edbal Torres ser\u00eda \u201cuna baja muy importante\u201d para el Ejecutivo, por lo que dijo esperar que Pedro Castillo no acepte su renuncia.<\/p>\n<p>\u201cEsperamos que el amigo An\u00edbal Torres pueda pensarlo bien y que el presidente tambi\u00e9n tome una decisi\u00f3n adecuada para que esta parte de la gesti\u00f3n siga adelante\u201d, se\u00f1al\u00f3.<\/p>\n<p>En el caso de que el presidente acepte la renuncia, el legislador oficialista consider\u00f3 que el sucesor de An\u00edbal Torres \u201csea una persona comunicativa, dialogante, de campo; que pueda recoger la problem\u00e1tica de la poblaci\u00f3n\u201d.<\/p>\n<p>Por su lado, el congresista no agrupado Edward M\u00e1laga dijo que solo se puede especular sobre las razones que llevaron a An\u00edbal Torres a poner su cargo a disposici\u00f3n, aunque no dud\u00f3 en calificar como \u201cnefasta\u201d su gesti\u00f3n al frente de la Presidencia del Consejo de Ministros (PCM).<\/p>\n<p>\u201cSiendo vocero pol\u00edtico y responsable de los actos del Gobierno, es parte de todo este mecanismo de copamiento institucional del Estado, las designaciones erradas en los ministerios; adem\u00e1s de un discurso lleno de resentimiento social. Queda poco bueno de recordar de esta gesti\u00f3n\u201d, coment\u00f3 en RPP Noticias.<\/p>\n<p>Sobre un eventual sucesor, M\u00e1laga se\u00f1al\u00f3 que deber\u00eda ser una persona con perfil t\u00e9cnico, conciliador y \u201ccapaz de conseguir consensos\u201d; \u201ctodo lo que el se\u00f1or An\u00edbal Torres no fue capaz de hacer y se esperaba antes de su nombramiento\u201d.<\/p>\n<p>\u201cLamentablemente, viendo la poca voluntad de enmienda del presidente Castillo, dudo que as\u00ed sea. Tampoco lo creo capaz de convocar a buenos cuadros y no creo posible que los buenos cuadros se acerquen a este Gobierno tan manchado por la corrupci\u00f3n\u201d, sentenci\u00f3.<\/p>\n<p>El congresista Jorge Montoya (Renovaci\u00f3n Popular) dijo que la eventual salida de An\u00edbal Torres es positiva y la calific\u00f3 como \u201cun regalo atrasado de Fiestas Patrias\u201d.<\/p>\n<p>\u201cDa la impresi\u00f3n de que ya est\u00e1 agotado pol\u00edtica y f\u00edsicamente; y ya no quiere seguir en el cargo\u201d, coment\u00f3 en La Rotativa del Aire.<\/p>\n<p>Para el opositor, durante su gesti\u00f3n, Torres gener\u00f3 \u201cconfrontaci\u00f3n permanente\u201d. \u201cNo ha solucionado ning\u00fan problema; donde iba generaba m\u00e1s problemas\u201d, refiri\u00f3.<\/p>\n<p>Montoya consider\u00f3 que la salida de Torres \u201cle va a hacer bien al pa\u00eds\u201d. \u201cEsperamos que (Pedro Castillo) nombre a alguien que sea id\u00f3neo para el cargo\u201d, adelant\u00f3. Con informaci\u00f3n de rpp.<\/p>\n<p>&nbsp;<\/p>\n<p>&nbsp;<\/p>\n","protected":false},"excerpt":{"rendered":"<p>Sorpresiva Renuncia de An\u00edbal Torres al cargo de premier Diversas bancadas mostraron opini\u00f3n a favor y en contra de la salida de An\u00edbal Torres. Desde el oficialismo piden que el presidente Pedro Castillo no acepte la renuncia del jefe del Gabinete. &nbsp; Peri\u00f3dico Digital La Regi\u00f3n Sur, 03 agosto-.2022. Diversos Congresistas de \u00a0bancadas del Congreso, &hellip;<\/p>\n","protected":false},"author":1,"featured_media":3781,"comment_status":"open","ping_status":"open","sticky":false,"template":"","format":"standard","meta":{"footnotes":""},"categories":[40],"tags":[],"class_list":["post-3780","post","type-post","status-publish","format-standard","has-post-thumbnail","","category-nacionales"],"_links":{"self":[{"href":"https:\/\/laregionsur.com\/index.php?rest_route=\/wp\/v2\/posts\/3780","targetHints":{"allow":["GET"]}}],"collection":[{"href":"https:\/\/laregionsur.com\/index.php?rest_route=\/wp\/v2\/posts"}],"about":[{"href":"https:\/\/laregionsur.com\/index.php?rest_route=\/wp\/v2\/types\/post"}],"author":[{"embeddable":true,"href":"https:\/\/laregionsur.com\/index.php?rest_route=\/wp\/v2\/users\/1"}],"replies":[{"embeddable":true,"href":"https:\/\/laregionsur.com\/index.php?rest_route=%2Fwp%2Fv2%2Fcomments&post=3780"}],"version-history":[{"count":0,"href":"https:\/\/laregionsur.com\/index.php?rest_route=\/wp\/v2\/posts\/3780\/revisions"}],"wp:featuredmedia":[{"embeddable":true,"href":"https:\/\/laregionsur.com\/index.php?rest_route=\/"}],"wp:attachment":[{"href":"https:\/\/laregionsur.com\/index.php?rest_route=%2Fwp%2Fv2%2Fmedia&parent=3780"}],"wp:term":[{"taxonomy":"category","embeddable":true,"href":"https:\/\/laregionsur.com\/index.php?rest_route=%2Fwp%2Fv2%2Fcategories&post=3780"},{"taxonomy":"post_tag","embeddable":true,"href":"https:\/\/laregionsur.com\/index.php?rest_route=%2Fwp%2Fv2%2Ftags&post=3780"}],"curies":[{"name":"wp","href":"https:\/\/api.w.org\/{rel}","templated":true}]}}