{"id":3773,"date":"2022-08-03T03:03:50","date_gmt":"2022-08-03T03:03:50","guid":{"rendered":"https:\/\/laregionsur.com\/?p=3773"},"modified":"2022-08-03T03:03:50","modified_gmt":"2022-08-03T03:03:50","slug":"en-feroz-balacera-abaten-a-un-pnp-y-caen-6-delincuentes-venezolanos-en-ilo","status":"publish","type":"post","link":"https:\/\/laregionsur.com\/?p=3773","title":{"rendered":"En feroz balacera abaten a un PNP y  caen 6 delincuentes venezolanos en Ilo"},"content":{"rendered":"<p>En feroz balacera abaten a un PNP y<\/p>\n<p>caen 6 delincuentes venezolanos<\/p>\n<ul>\n<li>Caen 4 varones y 2 mujeres, con un arsenal de armas entre armas de fuego municiones y granadas de guerra.<\/li>\n<li>Ser\u00edan integrantes de la banda del \u201cTren de Aruba\u201d que son corrido de Chile<\/li>\n<li>Polic\u00eda especializada toma acciones en el puerto Ilo contra la delincuencia.<\/li>\n<\/ul>\n<p>Peri\u00f3dico Digital La Regi\u00f3n Sur. &#8211; 02 agosto 2022.- En un operativo montado por la polic\u00eda especializada en el sector de los Angeles, al promediar las 07H00 de la noche \u00a0se produjo una balacera entre una banda de delincuentes de nacionalidad venezolana y efectivos de la polic\u00eda nacional especializada, quienes provisto de chalecos antibalas, intervinieron una vivienda de tres pisos ubicado en el asentamiento humano Los \u00c1ngeles de Pampa Inal\u00e1mbrica de la Provincia de Ilo.<\/p>\n<p>En esta balacera lamentablemente cay\u00f3 abatido por los delincuentes que portaban armas de largo alcance, (fusiles), uno de los miembros policiales el Sub Oficial de Tercera, Antonio Araujo N\u00fa\u00f1ez apodado cari\u00f1osamente \u00abchinchano\u00bb, quien recibi\u00f3 el impacto de bala al enfrentarse a estos avezados delincuentes armados.<\/p>\n<p>Seg\u00fan fuentes policiales se supo que en esta intervenci\u00f3n se captur\u00f3 a 6 personas entre ellos 4 varones y 2 mujeres, de nacionalidad venezolana.<\/p>\n<p>&nbsp;<\/p>\n<p>En la intervenci\u00f3n policial a las viviendas donde se sospechaba viv\u00edan los delincuentes, la Polic\u00eda encontr\u00f3 granadas de guerra, municiones y armas de fuego de largo alcance,<\/p>\n<p>&nbsp;<\/p>\n<p>Como producto de esta balacera lamentablemente el efectivo policial perdi\u00f3 la vida, adem\u00e1s de una mujer herida de bala quienes fueron trasladados al hospital del Minsa, los agentes del orden continuaron con el operativo hasta lograr la captura del resto de integrantes de la presunta banda &#8216;El tren de Aragua&#8217;<\/p>\n<p>&nbsp;<\/p>\n<p>ILO ESTA DESGUARNECIDA<\/p>\n<p>Tras la captura de estos integrantes de la banda de delincuentes, lo vecinos salieron a protestar por el abandono que viven por culpa de la Polic\u00eda que desde la llegada del comandante PNP Martin Mart\u00ednez R\u00faa, como jefe provinciala de Ilo la delincuencia se ha instalado en el puerto donde se produce a diario asaltos, tobos y extorsiones de la posible banda de \u201cEl Tren de Aragua\u201d.<\/p>\n<p>Como se recordar\u00e1, \u00a0el actual Jefe policial de Ilo ya estuvo en Ilo cuando era capit\u00e1n y luego como mayor, y en sus paso por el Puerto de Ilo \u00a0ocup\u00f3 el cargo de jefe provincial de la unidad Polic\u00eda \u00a0de Carreteras, quien se guardaba los veh\u00edculos policiales para beneficiarse con la dotaci\u00f3n de combustible lo que fue denunciado en su momento por el programa de investigaci\u00f3n \u201cHora Clave\u201d, que en esos a\u00f1os se emit\u00eda en el Canal de Televisi\u00f3n \u201cTelesur\u201d, resultando toda una sorpresa para la provincia de Ilo que vuelva a trabajar en esta provincia, por lo que se le atribuye el incremento de la delincuencia como nunca antes se hab\u00eda visto, solo en estos dos mes se produjeron la presencia de traficantes de droga, ajustes de cuentas, asaltos y extorsiones, que su gesti\u00f3n no puede asumir para dar soluci\u00f3n, asimismo no tiene el mayor contacto con la prensa porque sabe que en su pasado su gesti\u00f3n no fue buena.<\/p>\n<p>&nbsp;<\/p>\n<p>&nbsp;<\/p>\n<p>.<\/p>\n<p>&nbsp;<\/p>\n<p>&nbsp;<\/p>\n<p>&nbsp;<\/p>\n<p>&nbsp;<\/p>\n<p>&nbsp;<\/p>\n<p>&nbsp;<\/p>\n<p>&nbsp;<\/p>\n<p>&nbsp;<\/p>\n<p>&nbsp;<\/p>\n<p>&nbsp;<\/p>\n<p>&nbsp;<\/p>\n<p>&nbsp;<\/p>\n<p>&nbsp;<\/p>\n<p>&nbsp;<\/p>\n","protected":false},"excerpt":{"rendered":"<p>En feroz balacera abaten a un PNP y caen 6 delincuentes venezolanos Caen 4 varones y 2 mujeres, con un arsenal de armas entre armas de fuego municiones y granadas de guerra. Ser\u00edan integrantes de la banda del \u201cTren de Aruba\u201d que son corrido de Chile Polic\u00eda especializada toma acciones en el puerto Ilo contra &hellip;<\/p>\n","protected":false},"author":1,"featured_media":3775,"comment_status":"open","ping_status":"open","sticky":false,"template":"","format":"standard","meta":{"footnotes":""},"categories":[56,40],"tags":[],"class_list":["post-3773","post","type-post","status-publish","format-standard","has-post-thumbnail","","category-finance","category-nacionales"],"_links":{"self":[{"href":"https:\/\/laregionsur.com\/index.php?rest_route=\/wp\/v2\/posts\/3773","targetHints":{"allow":["GET"]}}],"collection":[{"href":"https:\/\/laregionsur.com\/index.php?rest_route=\/wp\/v2\/posts"}],"about":[{"href":"https:\/\/laregionsur.com\/index.php?rest_route=\/wp\/v2\/types\/post"}],"author":[{"embeddable":true,"href":"https:\/\/laregionsur.com\/index.php?rest_route=\/wp\/v2\/users\/1"}],"replies":[{"embeddable":true,"href":"https:\/\/laregionsur.com\/index.php?rest_route=%2Fwp%2Fv2%2Fcomments&post=3773"}],"version-history":[{"count":0,"href":"https:\/\/laregionsur.com\/index.php?rest_route=\/wp\/v2\/posts\/3773\/revisions"}],"wp:featuredmedia":[{"embeddable":true,"href":"https:\/\/laregionsur.com\/index.php?rest_route=\/"}],"wp:attachment":[{"href":"https:\/\/laregionsur.com\/index.php?rest_route=%2Fwp%2Fv2%2Fmedia&parent=3773"}],"wp:term":[{"taxonomy":"category","embeddable":true,"href":"https:\/\/laregionsur.com\/index.php?rest_route=%2Fwp%2Fv2%2Fcategories&post=3773"},{"taxonomy":"post_tag","embeddable":true,"href":"https:\/\/laregionsur.com\/index.php?rest_route=%2Fwp%2Fv2%2Ftags&post=3773"}],"curies":[{"name":"wp","href":"https:\/\/api.w.org\/{rel}","templated":true}]}}