{"id":3738,"date":"2022-07-29T01:41:40","date_gmt":"2022-07-29T01:41:40","guid":{"rendered":"https:\/\/laregionsur.com\/?p=3738"},"modified":"2022-07-29T01:41:40","modified_gmt":"2022-07-29T01:41:40","slug":"un-mensaje-para-el-olvido","status":"publish","type":"post","link":"https:\/\/laregionsur.com\/?p=3738","title":{"rendered":"UN MENSAJE PARA EL OLVIDO"},"content":{"rendered":"<p>&nbsp;<\/p>\n<p>UN MENSAJE PARA EL OLVIDO<\/p>\n<p>&nbsp;<\/p>\n<p>Escribe: Enrique Lazo Flores<\/p>\n<p>Peri\u00f3dico Digital La Regi\u00f3n Sur.- 28 julio 2022.- El a\u00fan presidente de la Rep\u00fablica Pedro Castillo Terrones, cumpli\u00f3 con dar el tradicional mensaje por fiestas patrias a la naci\u00f3n que esperaba con mucha ansiedad las \u201cnovedades\u201d que anunciaba con un tufillo amenazante semanas atr\u00e1s.<\/p>\n<p>&nbsp;<\/p>\n<p>Sin embargo, lo que se escuch\u00f3 ayer, fue un recuento de lo que ya en ocasiones anteriores lo ven\u00eda repitiendo, esta vez con un aire de un mensaje vac\u00edo, sin contenido real, se dirigi\u00f3 al pueblo peruano, demostrando que est\u00e1 desconectado de la realidad y con una dosis de repeticiones seguidas, habl\u00f3 de un balance econ\u00f3mico sin convencer y de un sistema de seguridad que no existe, por lo menos para los lugares donde la delincuencia y la inseguridad es alarmante.<\/p>\n<p>Con este mensaje dio fin a su primer a\u00f1o de mandato que se caracteriz\u00f3 por sus constantes errores en el nombramiento de ministros, con cuatro gabinetes, y casi 60 ministros que cambi\u00f3 siendo el m\u00e1s recurrente el ministro del interior que tuvo que remover hasta 7 ministros, haciendo un promedio de cada tres meses cambiaba su gabinete, demostrando una incapacidad para nombrar a ministros con trayectoria reconocido,\u00a0 demostr\u00f3 su mediocridad al elegir ya que \u00a0que cada cual que cambiaba era peor que el anterior, dando una total inseguridad al pa\u00eds.<\/p>\n<p>Tras este a\u00f1o de constantes crisis pol\u00edtica, el mensaje se caracteriz\u00f3 por su terca posici\u00f3n de ser confrontacional y en momentos asum\u00eda ser v\u00edctima de las circunstancias rechazando las acusaciones de presuntos actos de corrupci\u00f3n en su entorno m\u00e1s cercano, sin embargo, no pudo esconderse del malestar que provoc\u00f3 en los parlamentarios que en algunos momentos reaccionaron lanzando epitetos e insultos sin considerar su investidura, fue vapuleado.<\/p>\n<p>Se not\u00f3 que este mensaje fue una retahila de anuncios repetitivos de las mismas que hizo en su primer mensaje y que en este primer a\u00f1o no cumpli\u00f3 sobre todo en el Tema de seguridad, como el plazo l\u00edmite para que los delincuentes extranjeros abandonen el pa\u00eds y las rondas policiales en las ciudades, o sea, en pol\u00edtica de seguridad fue nulo este mensaje, no dijo nada y marc\u00f3 un vac\u00edo que fue muy notorio, as\u00ed como las cifras que mencion\u00f3 fueron para maquillar y no encajan en la realidad.<\/p>\n<p>Igual fue en el tema de salud en el sector policial, hizo un anuncio que llam\u00f3 a la expectativa se\u00f1alando que \u00a03 mil profesionales atender\u00e1n la sanidad policial, ago que en muchos sectores policiales est\u00e1n paralizados o no est\u00e1n en funcionamiento, se espera que este anuncio sea parte importante de lo que puede significar el funcionamiento del nuevo hospital \u00a0Mariano Santos, que seg\u00fan dijo ya est\u00e1 licitado hace seis a\u00f1as pero hasta la fecha no se inicia su construcci\u00f3n.<\/p>\n<p>En otro momento de su discurso, se esperaba que reconozca que en el campo policial se est\u00e1 perdiendo la m\u00edstica, porque las denuncias se\u00f1alan el camino hacia la corrupci\u00f3n donde hay coroneles que habr\u00edan pagado para ascender a generales, las mismas que Pedro Castillo debe enfrentar las investigaciones que pesan sobre \u00e9l. No dijo nada<\/p>\n<p>En el aspecto econ\u00f3mico, vimos a un presidente que pese a leer el libreto del discurso con apasionamiento desmedido y sin mostrar un \u00e1pice de humildad, dio muestras de estar fuera de la realidad, intentando hacer creer al auditorio congresal, \u00a0que en econom\u00eda el Peru est\u00e1 entre los mejores de la regi\u00f3n, esto es falso ya que en comparaci\u00f3n al a\u00f1o pasado, el PBI ha decrecido de manera brutal y se espera que siga la ca\u00edda este a\u00f1o como producto de la crisis econ\u00f3mica mundial. Se le not\u00f3 que est\u00e1 descontextualizado y est\u00e1 viviendo una realidad que no es la nuestra.<\/p>\n<p>Sobre la inversi\u00f3n privada se\u00f1al\u00f3 que seguiremos igual que antes y no se tocar\u00e1 nada, se respetar\u00e1 los contratos que se tiene sin profundizar m\u00e1s de lo dicho se prev\u00e9 que vamos a tener la misma inversi\u00f3n privada del a\u00f1o pasado, sin embargo, no se dijo que la inversi\u00f3n privada est\u00e1 en peligro sobre todo en el sector minero, donde la miner\u00eda ilegal avanza y se posesiona en lotes de propiedad de empresas que s\u00ed trabajan de manera legal y responsable, ante la pasividad y desinter\u00e9s en actuar por parte del estado. Existe desconfianza generado por el mismo gobierno. Parece no sentir, menos ver que la miner\u00eda le sostiene a econom\u00eda del pa\u00eds.<\/p>\n<p>En el sector laboral el empleo formal se ha reducido de manera alarmante, hay m\u00e1s ambulantes que trabajadores estables, de otro lado el ingreso no ha mejorado y parece no mejorarse en adelante, las expectativas del mercado laboral es casi nulo, salvo la miner\u00eda que sostiene en gran parte el mercado laboral y la econom\u00eda, sin mergo hay alrededor \u00a0de 100 mil trabajadores \u00a0en situaci\u00f3n de subempleo que lo que hab\u00eda en el \u00a02019, antes de la pandemia, ahora tenemos un empleo demasiado precario, \u00a0pero no dio nada sobre este tema, mantiene su posici\u00f3n de ser un gobierno anti minera pese a ofrecer que respetar\u00e1 los contratos.<\/p>\n<p>En resumen fue un mensaje que ser\u00eda el \u00faltimo suspiro de un mandatario que espera salir en cualquier momento, no ha mostrado humildad y con cierto grado de soberbia, no hizo \u00a0un \u201cmea culpa\u201d sobre las investigaciones que pesan sobre \u00e9l menos en su entorno y en este escenario, vemos a un Pedro Castillo sin car\u00e1cter para enmendar rumbos. Un mensaje para el olvido.<\/p>\n<p>&nbsp;<\/p>\n<p>&nbsp;<\/p>\n<p>&nbsp;<\/p>\n<p>&nbsp;<\/p>\n<p>&nbsp;<\/p>\n","protected":false},"excerpt":{"rendered":"<p>&nbsp; UN MENSAJE PARA EL OLVIDO &nbsp; Escribe: Enrique Lazo Flores Peri\u00f3dico Digital La Regi\u00f3n Sur.- 28 julio 2022.- El a\u00fan presidente de la Rep\u00fablica Pedro Castillo Terrones, cumpli\u00f3 con dar el tradicional mensaje por fiestas patrias a la naci\u00f3n que esperaba con mucha ansiedad las \u201cnovedades\u201d que anunciaba con un tufillo amenazante semanas atr\u00e1s. &hellip;<\/p>\n","protected":false},"author":1,"featured_media":0,"comment_status":"open","ping_status":"open","sticky":false,"template":"","format":"standard","meta":{"footnotes":""},"categories":[38],"tags":[],"class_list":["post-3738","post","type-post","status-publish","format-standard","","category-editorial"],"_links":{"self":[{"href":"https:\/\/laregionsur.com\/index.php?rest_route=\/wp\/v2\/posts\/3738","targetHints":{"allow":["GET"]}}],"collection":[{"href":"https:\/\/laregionsur.com\/index.php?rest_route=\/wp\/v2\/posts"}],"about":[{"href":"https:\/\/laregionsur.com\/index.php?rest_route=\/wp\/v2\/types\/post"}],"author":[{"embeddable":true,"href":"https:\/\/laregionsur.com\/index.php?rest_route=\/wp\/v2\/users\/1"}],"replies":[{"embeddable":true,"href":"https:\/\/laregionsur.com\/index.php?rest_route=%2Fwp%2Fv2%2Fcomments&post=3738"}],"version-history":[{"count":0,"href":"https:\/\/laregionsur.com\/index.php?rest_route=\/wp\/v2\/posts\/3738\/revisions"}],"wp:attachment":[{"href":"https:\/\/laregionsur.com\/index.php?rest_route=%2Fwp%2Fv2%2Fmedia&parent=3738"}],"wp:term":[{"taxonomy":"category","embeddable":true,"href":"https:\/\/laregionsur.com\/index.php?rest_route=%2Fwp%2Fv2%2Fcategories&post=3738"},{"taxonomy":"post_tag","embeddable":true,"href":"https:\/\/laregionsur.com\/index.php?rest_route=%2Fwp%2Fv2%2Ftags&post=3738"}],"curies":[{"name":"wp","href":"https:\/\/api.w.org\/{rel}","templated":true}]}}