{"id":3717,"date":"2022-07-26T11:49:58","date_gmt":"2022-07-26T11:49:58","guid":{"rendered":"https:\/\/laregionsur.com\/?p=3717"},"modified":"2022-07-26T11:49:58","modified_gmt":"2022-07-26T11:49:58","slug":"por-fin-se-entrego-bruno-pacheco-cansado-de-esconderse","status":"publish","type":"post","link":"https:\/\/laregionsur.com\/?p=3717","title":{"rendered":"Por fin se entreg\u00f3 Bruno Pacheco cansado de esconderse\u00a0"},"content":{"rendered":"<article>\n<header class=\"story-header\">\n<h1><span style=\"color: #666666; font-family: Roboto, sans-serif; font-size: 15px;\">Por fin se entreg\u00f3 Bruno Pacheco cansado de esconderse\u00a0<\/span><\/h1>\n<\/header>\n<\/article>\n<div class=\"row-cols-flex\">\n<div class=\"col-primary main\">\n<div class=\"section\">\n<div id=\"article-body\" class=\"col-detail\">\n<ul>\n<li>Fuentes de <em>RPP<\/em> confirmaron que el exsecretario general de Palacio de Gobierno, <strong>Bruno Pacheco<\/strong>, ha sido puesto ya a disposici\u00f3n de la <strong>Fiscal\u00eda de la Naci\u00f3n<\/strong>.<\/li>\n<li style=\"text-align: left;\">Por su parte el abogado de Pedro Castillo Benji Espinoza,\u00a0 dijo que lo que corresponde ahora es que el Ministerio P\u00fablico act\u00fae conforme a ley.<\/li>\n<\/ul>\n<p style=\"text-align: left;\">Peri\u00f3dico Digital La Regi\u00f3n Sur, 26 julio 2022.- El letrado explic\u00f3 que si <strong>Bruno Pacheco<\/strong> entrega informaci\u00f3n a la Fiscal\u00eda, esta tiene que ser sometida a corroboraci\u00f3n; \u00abes decir, a actos de investigaci\u00f3n para confirmar lo dicho\u00bb. \u00abY esto toma, por supuesto, tiempo\u00bb, sostuvo.<\/p>\n<p style=\"text-align: left;\">\u00abSi es verdad que <strong>Bruno Pacheco<\/strong> se acoge a la colaboraci\u00f3n eficaz, tendr\u00edamos a una persona m\u00e1s que busca canjear su libertad a cambio de informaci\u00f3n, en principio, de dudosa procedencia. As\u00ed lo establece la ley procesal penal vigente las declaraciones de los aspirantes o postulantes a colaboraci\u00f3n eficaz\u00bb, refiri\u00f2.<\/p>\n<div id=\"Rpp_politica_judiciales_Nota_Interna2\" class=\"ads ad-body x-ads rendered show\" data-interna=\"true\" data-msize=\"[[300, 250], [320, 460], [320, 480], [320, 50], [300, 100], [320, 100], [380, 100]]\" data-size=\"[[300, 250], [320, 460], [320, 480], [320, 50], [300, 100], [320, 100], [635, 90]]\" data-google-query-id=\"CPWgxfu8lvkCFZ5DuAQdAIYNxw\">\n<div id=\"google_ads_iframe_\/1028310\/Rpp_politica_judiciales_Nota_Interna2_0__container__\">Y prosigui\u00f3: \u00abPara m\u00ed lo m\u00e1s importante es el escenario de la corroboraci\u00f3n. Hasta ahora ni lo que ha dicho el se\u00f1or Zamir Villaverde ni lo que ha dicho la se\u00f1ora Karelim L\u00f3pez se ha corroborado. Seguir\u00e1 la misma suerte el se\u00f1or Bruno Pacheco\u00bb.<\/div>\n<\/div>\n<p style=\"text-align: left;\">El abogado inform\u00f3 tambi\u00e9n que se reunir\u00e1 este martes por la ma\u00f1ana con su defendido. \u00abEste martes voy a tener un reuni\u00f3n temprano con el presidente de la Rep\u00fablica donde vamos a abordar todos los casos, entre ellos esta situaci\u00f3n\u00bb, agreg\u00f3.<\/p>\n<h2 style=\"text-align: left;\">Las acusaciones<\/h2>\n<p>En abril pasado, el Segundo Juzgado de Investigaci\u00f3n Preparatoria <a href=\"https:\/\/rpp.pe\/politica\/judiciales\/poder-judicial-dicto-36-meses-de-prision-preventiva-para-bruno-pacheco-y-sobrinos-de-pedro-castillo-noticia-1399138\">orden\u00f3 36 meses de prisi\u00f3n preventiva en contra del exfuncionario por el presunto delito de colusi\u00f3n agravada<\/a> en organizaci\u00f3n criminal en el caso Prov\u00edas-Puente Tarata.<\/p>\n<p><strong>Bruno Pacheco<\/strong> renunci\u00f3 en noviembre del 2021 al cargo de secretario general de Despacho Presidencial tras los esc\u00e1ndalos que lo vincularon con el presunto tr\u00e1fico de influencias en instituciones p\u00fablicas y al hallazgo de 20 000 d\u00f3lares en el ba\u00f1o de su oficina en Palacio de Gobierno, durante un operativo de la Fiscal\u00eda por el caso de presuntas presiones a un funcionario de la Sunat para favorecer a empresas.<\/p>\n<p>Actualmente, es investigado por el presunto delito de enriquecimiento il\u00edcito y por presunto tr\u00e1fico de influencias.<\/p>\n<h2>Lo que recomienda la\u00a0Comisi\u00f3n de Fiscalizaci\u00f3n del Congreso<\/h2>\n<p>A finales de junio \u00faltimo, la\u00a0<a href=\"https:\/\/rpp.pe\/noticias\/comision-de-fiscalizacion\">Comisi\u00f3n de Fiscalizaci\u00f3n y Contralor\u00eda del Congreso<\/a>\u00a0recomend\u00f3 en <a href=\"https:\/\/rpp.pe\/politica\/gobierno\/pedro-castillo-informe-final-de-la-comision-de-fiscalizacion-recomienda-acusar-constitucionalmente-al-presidente-noticia-1414727\">su informe final acusar constitucionalmente al presidente<\/a>\u00a0Pedro Castillo por incurrir presuntamente en el delito de organizaci\u00f3n criminal, negociaci\u00f3n incompatible y aprovechamiento indebido del cargo.<\/p>\n<p>Entre las conclusiones del informe \u2014presidido por el congresista de Fuerza Popular <a href=\"https:\/\/rpp.pe\/politica\/actualidad\/congresista-ventura-no-hemos-adelantado-opinion-al-decir-que-hay-elementos-de-conviccion-sobre-responsabilidad-del-presidente-en-investigaciones-noticia-1414191?ns_source=self&amp;ns_mchannel=articulo.body&amp;ns_campaign=content.rel\">H\u00e9ctor Ventura<\/a>\u2014 se encuentra que el mandatario, el exsecretario general del Despacho Presidencial, <strong>Bruno Pacheco<\/strong>, el exministro <a href=\"https:\/\/rpp.pe\/noticias\/juan-silva\">Juan Silva<\/a> y los empresarios <a href=\"https:\/\/rpp.pe\/politica\/actualidad\/empresas-de-zamir-villaverde-registraron-movimientos-por-mas-de-s-5-millones-en-los-3-primeros-meses-de-gobierno-de-castillo-noticia-1414082?ns_source=self&amp;ns_mchannel=articulo.body&amp;ns_campaign=content.rel\">Zamir Villaverde<\/a> y Karelim L\u00f3pez \u201cestuvieron relacionados para coordinar los direccionamientos de los resultados\u201d de las licitaciones del Ministerio de Transportes y Comunicaciones (MTC).<\/p>\n<p>Estos puntos se\u00f1alados en el informe son el marco del caso <a href=\"https:\/\/rpp.pe\/politica\/judiciales\/bruno-pacheco-abogada-de-profugo-pide-que-la-fiscal-karla-zecenarro-sea-apartada-de-investigacion-noticia-1414558?ns_source=self&amp;ns_mchannel=articulo.body&amp;ns_campaign=content.rel\">Puente Tarata<\/a>, en donde tambi\u00e9n se menciona que entre Castillo, Pacheco, Villaverde y L\u00f3pez se dieron durante el proceso de selecci\u00f3n para adjudicar la obra.Fuente: rpp<\/p>\n<\/div>\n<\/div>\n<\/div>\n<\/div>\n","protected":false},"excerpt":{"rendered":"<p>Por fin se entreg\u00f3 Bruno Pacheco cansado de esconderse\u00a0 Fuentes de RPP confirmaron que el exsecretario general de Palacio de Gobierno, Bruno Pacheco, ha sido puesto ya a disposici\u00f3n de la Fiscal\u00eda de la Naci\u00f3n. Por su parte el abogado de Pedro Castillo Benji Espinoza,\u00a0 dijo que lo que corresponde ahora es que el Ministerio &hellip;<\/p>\n","protected":false},"author":1,"featured_media":3718,"comment_status":"open","ping_status":"open","sticky":false,"template":"","format":"standard","meta":{"footnotes":""},"categories":[39,40],"tags":[],"class_list":["post-3717","post","type-post","status-publish","format-standard","has-post-thumbnail","","category-stock-market","category-nacionales"],"_links":{"self":[{"href":"https:\/\/laregionsur.com\/index.php?rest_route=\/wp\/v2\/posts\/3717","targetHints":{"allow":["GET"]}}],"collection":[{"href":"https:\/\/laregionsur.com\/index.php?rest_route=\/wp\/v2\/posts"}],"about":[{"href":"https:\/\/laregionsur.com\/index.php?rest_route=\/wp\/v2\/types\/post"}],"author":[{"embeddable":true,"href":"https:\/\/laregionsur.com\/index.php?rest_route=\/wp\/v2\/users\/1"}],"replies":[{"embeddable":true,"href":"https:\/\/laregionsur.com\/index.php?rest_route=%2Fwp%2Fv2%2Fcomments&post=3717"}],"version-history":[{"count":0,"href":"https:\/\/laregionsur.com\/index.php?rest_route=\/wp\/v2\/posts\/3717\/revisions"}],"wp:featuredmedia":[{"embeddable":true,"href":"https:\/\/laregionsur.com\/index.php?rest_route=\/"}],"wp:attachment":[{"href":"https:\/\/laregionsur.com\/index.php?rest_route=%2Fwp%2Fv2%2Fmedia&parent=3717"}],"wp:term":[{"taxonomy":"category","embeddable":true,"href":"https:\/\/laregionsur.com\/index.php?rest_route=%2Fwp%2Fv2%2Fcategories&post=3717"},{"taxonomy":"post_tag","embeddable":true,"href":"https:\/\/laregionsur.com\/index.php?rest_route=%2Fwp%2Fv2%2Ftags&post=3717"}],"curies":[{"name":"wp","href":"https:\/\/api.w.org\/{rel}","templated":true}]}}