{"id":3674,"date":"2022-07-15T17:20:17","date_gmt":"2022-07-15T17:20:17","guid":{"rendered":"https:\/\/laregionsur.com\/?p=3674"},"modified":"2022-07-15T17:20:17","modified_gmt":"2022-07-15T17:20:17","slug":"a-poco-de-cumplir-101-anos-fallece-expresidente-francisco-morales-bermudez","status":"publish","type":"post","link":"https:\/\/laregionsur.com\/?p=3674","title":{"rendered":"A poco de cumplir 101 a\u00f1os fallece  expresidente Francisco Morales Berm\u00fadez"},"content":{"rendered":"<p>A poco de cumplir 101 a\u00f1os fallece<\/p>\n<p>expresidente Francisco Morales Berm\u00fadez<\/p>\n<ul>\n<li>El expresidente del r\u00e9gimen militar (1975-1980), Francisco Morales Berm\u00fadez Cerruti, falleci\u00f3 anoche a los 100 a\u00f1os, confirm\u00f3 su hijo, Remigio Morales Berm\u00fadez.<\/li>\n<\/ul>\n<p>Peri\u00f3dico Digital La Regi\u00f3n Sur, 15 julio 2022.- \u00abAyer a las 11:20 p.m. dejo de existir \u00a0por un mal relacionado con su edad, a pocos d\u00edas de cumplir 101 a\u00f1os de edad, tras presentar un desbalance del cual no pudo salir bien, dijo su hijo a RPP.<\/p>\n<p>Francisco Morales Berm\u00fadez fue comandante general del Ej\u00e9rcito. En agosto de 1975, encabez\u00f3 el denominado \u201cTacnazo\u201d, suceso que fue un golpe de Estado contra el mandato de Juan Velasco Alvarado.<\/p>\n<p>De esa forma, se autoproclam\u00f3 presidente de la Rep\u00fablica, como Jefe de Estado en la \u00abSegunda fase\u00bb del autodenominado Proceso Revolucionario de las Fuerzas Armadas.<\/p>\n<p>Durante su mandato, se autoriz\u00f3 el retorno de los exiliados y se indult\u00f3 a l\u00edderes del partido Acci\u00f3n Popular, hasta entonces perseguidos por supuestos delitos. Se dispuso la reaparici\u00f3n de las revistas clausuradas, pero no se devolvi\u00f3 a sus propietarios los diarios confiscados bajo el gobierno de Velasco Alvarado.<\/p>\n<p>En el gobierno de Morales Berm\u00fadez, se convoc\u00f3 a elecciones generales para la conformaci\u00f3n de una Asamblea Constituyente, las cuales contaron con la participaci\u00f3n de las fuerzas pol\u00edticas del pa\u00eds.<\/p>\n<p>Los representantes electos en la Asamblea se reunieron el 28 de julio de 1978 y eligieron presidente de la misma al l\u00edder aprista V\u00edctor Ra\u00fal Haya de la Torre. Luego pasaron a discutir y redactar la Constituci\u00f3n de 1979.<\/p>\n<p>De acuerdo a la nueva carta constitucional, se convoc\u00f3 a elecciones generales para el 18 de mayo de 1980, en la cual se eligi\u00f3 democr\u00e1ticamente a un Presidente de la Rep\u00fablica y a los representantes de un Congreso bicameral. El vencedor fue Fernando Belaunde Terry.<\/p>\n<p>NO SE SALVO DE LA CADENA PERPETUA<\/p>\n<p>En febrero de este a\u00f1o, el Tribunal Supremo italiano confirm\u00f3 en v\u00eda definitiva la pena de cadena perpetua contra Francisco Morales Berm\u00fadez, acusado de la desaparici\u00f3n de italianos mediante el Plan C\u00f3ndor, un plan represor aplicado en Am\u00e9rica Latina en la d\u00e9cada de 1970.<\/p>\n<p>Italia empez\u00f3 a investigar el asesinato y desaparici\u00f3n de italo-latinoamericanos en el Plan C\u00f3ndor y en 2007 pidi\u00f3 el arresto de un total de 146 militares de las Juntas de Argentina, Bolivia, Brasil, Chile, Per\u00fa, Paraguay y Uruguay<\/p>\n<p>QUIEN FUE<\/p>\n<p>Militar y pol\u00edtico peruano<\/p>\n<p>\u2013Nunca he sido derechista\u2013<\/p>\n<p>L\u00edder de Per\u00fa despu\u00e9s tras un golpe de estado.<\/p>\n<p>Presidente de facto de la Rep\u00fablica del Per\u00fa: 29 de agosto de 1975-28 de julio de 1980<\/p>\n<p>Padres: Remigio Morales Berm\u00fadez y Nila Cerruti Gonz\u00e1les<\/p>\n<p>C\u00f3nyuges: Rosa Pedraglio Oddone, Alicia Saffer Michaelsen (1999)<\/p>\n<p>Hijos: Remigio, Mar\u00eda Rosa, Francisco, Santiago Bruno<\/p>\n<p>Nombre: Francisco Morales Berm\u00fadez Cerrutti<\/p>\n<p>\u00abNunca aspir\u00e9 a ser presidente ni tuve una vocaci\u00f3n de pol\u00edtico\u00bb<\/p>\n<p>Francisco Morales Berm\u00fadez naci\u00f3 el 4 de octubre de 1921, en Lima, Per\u00fa.<\/p>\n<p>FAMILIA<\/p>\n<p>Hijo de Remigio Morales Berm\u00fadez y Nila Cerruti Gonz\u00e1les, nieto del general y presidente Remigio Morales Berm\u00fadez.<\/p>\n<p>ESTUDIOS<\/p>\n<p>Curs\u00f3 estudios en la Escuela Militar de Chorrillo. Se diplom\u00f3 de oficial del Estado Mayor en la Escuela Superior de Guerra del Per\u00fa, obteniendo la Divisa de Honor tras ocupar el primer lugar en calificaciones.<\/p>\n<p>Posteriormente ingres\u00f3 en la Escuela Superior de Guerra en Argentina, regresando al Per\u00fa como profesor de la Escuela Militar de Chorrillos, la Escuela de Aplicaci\u00f3n de Ingenier\u00eda y la Escuela Superior de Guerra.<\/p>\n<p>MINISTRO<\/p>\n<p>Durante el gobierno de Fernando Bela\u00fande Terry asumi\u00f3 el Ministerio de Hacienda y Comercio. Tras el golpe de estado de 1968, bajo el mando del general Juan Velasco Alvarado, ocup\u00f3 los cargos de ministro de Econom\u00eda y Finanzas (1969), jefe del Estado Mayor General del Ej\u00e9rcito (1974) y primer ministro y ministro de la Guerra (1975). En 1974 fue ascendido a general de divisi\u00f3n.<\/p>\n<p>SE HIZO PRESIDENTE<\/p>\n<p>Tras el golpe de Estado contra Juan Velasco Alvarado en 1975, asumi\u00f3 la presidencia de la Rep\u00fablica y acab\u00f3 con el proceso revolucionario en la denominada \u00absegunda fase\u00bb del Gobierno Revolucionario de las Fuerzas Armadas.<\/p>\n<p>Un Congreso Constituyente convoc\u00f3 las elecciones en las que result\u00f3 elegido Fernando Bela\u00fande Terry, a quien entreg\u00f3 el poder en 1980.<\/p>\n<p>POL\u00cdTICO<\/p>\n<p>Posteriormente organiz\u00f3 el Frente Democr\u00e1tico de Unidad Nacional con el que se postul\u00f3 a la presidencia de la Rep\u00fablica en las elecciones generales de 1985 obteniendo una votaci\u00f3n \u00ednfima.<\/p>\n<p>&nbsp;<\/p>\n<p>CONDENA<\/p>\n<p>En Roma, fue juzgado junto a 31 miembros de las Juntas Militares Sudamericanas que formaron parte del \u00abPlan C\u00f3ndor\u00bb. El 17 de enero de 2017 se le conden\u00f3 a cadena perpetua por estar implicado en el Plan C\u00f3ndor, junto con ochos exmilitares de varios pa\u00edses andinos.<\/p>\n<p>&nbsp;<\/p>\n<p>En julio de 2019 la justicia italiana ratific\u00f3 la condena, pero al no ser extraditado sigue en libertad en el Per\u00fa.<\/p>\n<p>&nbsp;<\/p>\n<p>En junio del 2021 tras las elecciones generales peruanas, Morales fue uno de los militares en situaci\u00f3n de retiro que solicitaron mediante una carta abierta a las Fuerzas Armadas desconocer los resultados generales en que se reconoc\u00eda como presidente electo Pedro Castillo.<\/p>\n<p>&nbsp;<\/p>\n<p>MATRIMONIO E HIJOS<\/p>\n<p>Casado con Rosa Pedraglio con la que tuvo cinco hijos. A finales de 1999, se cas\u00f3 en segundas nupcias con la abogada Alicia Saffer Michaelsen.<\/p>\n<p>CARGOS<\/p>\n<p>Presidente del Gobierno Revolucionario de las Fuerzas Armadas<\/p>\n<p>29 de agosto de 1975-28 de julio de 1980<\/p>\n<p>Predecesor<\/p>\n<p>Juan Velasco Alvarado<\/p>\n<p>Sucesor<\/p>\n<p>Fernando Bela\u00fande Terry<\/p>\n<p>Levantamiento: 27 de agosto de 1975, Tacna<\/p>\n<p>Presidente del Consejo de Ministros del Per\u00fa<\/p>\n<p>1 de febrero de 1975-29 de agosto de 1975<\/p>\n<p>Presidente<\/p>\n<p>Juan Velasco Alvarado<\/p>\n<p>Predecesor<\/p>\n<p>Edgardo Mercado Jarr\u00edn<\/p>\n<p>Sucesor<\/p>\n<p>Oscar Vargas Prieto<\/p>\n<p>Comandante General del Ej\u00e9rcito del Per\u00fa<\/p>\n<p>1 de febrero de 1975-29 de agosto de 1975<\/p>\n<p>Predecesor<\/p>\n<p>General de Divisi\u00f3n Edgardo Mercado Jarr\u00edn<\/p>\n<p>Sucesor<\/p>\n<p>General de Divisi\u00f3n Oscar Vargas Prieto. Con informaci\u00f3n de BB.biograf\u00edas<\/p>\n<p>&nbsp;<\/p>\n","protected":false},"excerpt":{"rendered":"<p>A poco de cumplir 101 a\u00f1os fallece expresidente Francisco Morales Berm\u00fadez El expresidente del r\u00e9gimen militar (1975-1980), Francisco Morales Berm\u00fadez Cerruti, falleci\u00f3 anoche a los 100 a\u00f1os, confirm\u00f3 su hijo, Remigio Morales Berm\u00fadez. Peri\u00f3dico Digital La Regi\u00f3n Sur, 15 julio 2022.- \u00abAyer a las 11:20 p.m. dejo de existir \u00a0por un mal relacionado con su &hellip;<\/p>\n","protected":false},"author":1,"featured_media":3676,"comment_status":"open","ping_status":"open","sticky":false,"template":"","format":"standard","meta":{"footnotes":""},"categories":[39,40],"tags":[],"class_list":["post-3674","post","type-post","status-publish","format-standard","has-post-thumbnail","","category-stock-market","category-nacionales"],"_links":{"self":[{"href":"https:\/\/laregionsur.com\/index.php?rest_route=\/wp\/v2\/posts\/3674","targetHints":{"allow":["GET"]}}],"collection":[{"href":"https:\/\/laregionsur.com\/index.php?rest_route=\/wp\/v2\/posts"}],"about":[{"href":"https:\/\/laregionsur.com\/index.php?rest_route=\/wp\/v2\/types\/post"}],"author":[{"embeddable":true,"href":"https:\/\/laregionsur.com\/index.php?rest_route=\/wp\/v2\/users\/1"}],"replies":[{"embeddable":true,"href":"https:\/\/laregionsur.com\/index.php?rest_route=%2Fwp%2Fv2%2Fcomments&post=3674"}],"version-history":[{"count":0,"href":"https:\/\/laregionsur.com\/index.php?rest_route=\/wp\/v2\/posts\/3674\/revisions"}],"wp:featuredmedia":[{"embeddable":true,"href":"https:\/\/laregionsur.com\/index.php?rest_route=\/"}],"wp:attachment":[{"href":"https:\/\/laregionsur.com\/index.php?rest_route=%2Fwp%2Fv2%2Fmedia&parent=3674"}],"wp:term":[{"taxonomy":"category","embeddable":true,"href":"https:\/\/laregionsur.com\/index.php?rest_route=%2Fwp%2Fv2%2Fcategories&post=3674"},{"taxonomy":"post_tag","embeddable":true,"href":"https:\/\/laregionsur.com\/index.php?rest_route=%2Fwp%2Fv2%2Ftags&post=3674"}],"curies":[{"name":"wp","href":"https:\/\/api.w.org\/{rel}","templated":true}]}}