{"id":3582,"date":"2022-07-03T23:40:07","date_gmt":"2022-07-03T23:40:07","guid":{"rendered":"https:\/\/laregionsur.com\/?p=3582"},"modified":"2022-07-03T23:40:07","modified_gmt":"2022-07-03T23:40:07","slug":"suspenden-paro-de-transportistas-anunciado-para-manana-4-de-julio","status":"publish","type":"post","link":"https:\/\/laregionsur.com\/?p=3582","title":{"rendered":"Suspenden paro de transportistas anunciado para ma\u00f1ana 4 de julio"},"content":{"rendered":"<p>Suspenden paro de transportistas de ma\u00f1ana 4 de julio<\/p>\n<p>&nbsp;<\/p>\n<ul>\n<li>El titular del Ministerio de Transportes y Comunicaciones (MTC), Juan Barranzuela, anunci\u00f3 los puntos acordados con los la mayor\u00eda de gremios representantes de los transportistas.<\/li>\n<\/ul>\n<p>&nbsp;<\/p>\n<p>&nbsp;<\/p>\n<p>Peri\u00f3dico Digital La Regi\u00f3n Sur 03 julio 2022.- En horas de la tarde de este domingo, el ministro de Transportes y Comunicaciones, Juan Barranzuela, anunci\u00f3 la suspensi\u00f3n del paro de transportistas previsto para el lunes 4 de julio.<\/p>\n<p>En esta l\u00ednea, mediante una conferencia de prensa el titular del MTC indic\u00f3 que se lleg\u00f3 a un acuerdo en el que los transportistas decidieron \u201clevantar su medida de paralizaci\u00f3n\u201d.<\/p>\n<p>&nbsp;<\/p>\n<p>\u201cAhora podemos indicar que tenemos su compromiso para levantar esta medida. No podemos sentirnos m\u00e1s que halagados por la confianza que depositan en el Gobierno\u201d, sostuvo.<\/p>\n","protected":false},"excerpt":{"rendered":"<p>Suspenden paro de transportistas de ma\u00f1ana 4 de julio &nbsp; El titular del Ministerio de Transportes y Comunicaciones (MTC), Juan Barranzuela, anunci\u00f3 los puntos acordados con los la mayor\u00eda de gremios representantes de los transportistas. &nbsp; &nbsp; Peri\u00f3dico Digital La Regi\u00f3n Sur 03 julio 2022.- En horas de la tarde de este domingo, el ministro &hellip;<\/p>\n","protected":false},"author":1,"featured_media":3583,"comment_status":"open","ping_status":"open","sticky":false,"template":"","format":"standard","meta":{"footnotes":""},"categories":[40],"tags":[],"class_list":["post-3582","post","type-post","status-publish","format-standard","has-post-thumbnail","","category-nacionales"],"_links":{"self":[{"href":"https:\/\/laregionsur.com\/index.php?rest_route=\/wp\/v2\/posts\/3582","targetHints":{"allow":["GET"]}}],"collection":[{"href":"https:\/\/laregionsur.com\/index.php?rest_route=\/wp\/v2\/posts"}],"about":[{"href":"https:\/\/laregionsur.com\/index.php?rest_route=\/wp\/v2\/types\/post"}],"author":[{"embeddable":true,"href":"https:\/\/laregionsur.com\/index.php?rest_route=\/wp\/v2\/users\/1"}],"replies":[{"embeddable":true,"href":"https:\/\/laregionsur.com\/index.php?rest_route=%2Fwp%2Fv2%2Fcomments&post=3582"}],"version-history":[{"count":0,"href":"https:\/\/laregionsur.com\/index.php?rest_route=\/wp\/v2\/posts\/3582\/revisions"}],"wp:featuredmedia":[{"embeddable":true,"href":"https:\/\/laregionsur.com\/index.php?rest_route=\/"}],"wp:attachment":[{"href":"https:\/\/laregionsur.com\/index.php?rest_route=%2Fwp%2Fv2%2Fmedia&parent=3582"}],"wp:term":[{"taxonomy":"category","embeddable":true,"href":"https:\/\/laregionsur.com\/index.php?rest_route=%2Fwp%2Fv2%2Fcategories&post=3582"},{"taxonomy":"post_tag","embeddable":true,"href":"https:\/\/laregionsur.com\/index.php?rest_route=%2Fwp%2Fv2%2Ftags&post=3582"}],"curies":[{"name":"wp","href":"https:\/\/api.w.org\/{rel}","templated":true}]}}