{"id":3455,"date":"2022-06-21T17:47:25","date_gmt":"2022-06-21T17:47:25","guid":{"rendered":"https:\/\/laregionsur.com\/?p=3455"},"modified":"2022-06-21T17:47:25","modified_gmt":"2022-06-21T17:47:25","slug":"vladimiro-montesinos-retorno-a-su-carcel-dorada-la-base-naval-del-callao","status":"publish","type":"post","link":"https:\/\/laregionsur.com\/?p=3455","title":{"rendered":"Vladimiro Montesinos retorn\u00f3\u00a0a su  c\u00e1rcel dorada, la Base Naval del Callao"},"content":{"rendered":"<p>Vladimiro Montesinos retorn\u00f3\u00a0a su<\/p>\n<p>c\u00e1rcel dorada, la Base Naval del Callao<\/p>\n<p>&nbsp;<\/p>\n<p>Peri\u00f3dico Digital La Regi\u00f3n Sur, 21 junio 2022.- El Instituto Nacional Penitenciario (INPE) realiz\u00f3 el traslado del exasesor presidencial Vladimiro Montesinos Torres al Centro de Reclusi\u00f3n de M\u00e1xima Seguridad de la Base Naval del Callao \u2013 CEREC.<\/p>\n<p>&nbsp;<\/p>\n<p>Seg\u00fan el comunicado del INPE, el traslado Vladimiro Montesinos se realiz\u00f3 adoptando las medidas de seguridad pertinentes, contando con el apoyo del Grupo de Operaciones Especiales (GOES) del INPE<\/p>\n<p>&nbsp;<\/p>\n<p>Cabe recordar que la Sala Penal de Apelaciones curs\u00f3 una notificaci\u00f3n el INPE para disponer el traslado de Montesinos del establecimiento penitenciario Anc\u00f3n II al penal de m\u00e1xima seguridad de la Base Naval del Callao tras haber declarado fundada su demanda de h\u00e1beas corpus.<\/p>\n<p>&nbsp;<\/p>\n<p>El fallo de la Sala de Apelaciones de Puente Piedra dispuso \u00abdeclarar inaplicable\u00bb el Decreto Supremo que se\u00f1alaba el cambio de reclusi\u00f3n a reos de alta peligrosidad del Centro de Reclusi\u00f3n de M\u00e1xima Seguridad (CEREC) de la Base Naval del Callao a otro centro administrado por el INPE, lo cual hab\u00eda permitido el traslado de Montesinos.<\/p>\n<p>&nbsp;<\/p>\n<p>\u00abLa modificaci\u00f3n del art\u00edculo 62\u00ba del Reglamento del C\u00f3digo de Ejecuci\u00f3n Penal, ha sido efectuada de forma irregular, ya que tal modificatoria se ha efectuado mediante un Decreto Supremo y no mediante una norma con rango de Ley\u00bb, refiere la sentencia.<\/p>\n<p>&nbsp;<\/p>\n<p>Seg\u00fan el Poder Judicial, con la medida se \u00abvulneraron los derechos\u00bb del exasesor presidencial \u00abcon relaci\u00f3n a sus condiciones carcelarias contrarias al respeto debido de su dignidad\u00bb, por lo que exhort\u00f3 al INPE a observar \u00absus derechos humanos y libertades fundamentales\u00bb.<\/p>\n<p>&nbsp;<\/p>\n<p>En ese sentido, resolvieron declarar fundada la demanda de h\u00e1beas corpus de Montesinos contra el INPE por la vulneraci\u00f3n de sus derechos y se orden\u00f3 su traslado al Centro de Reclusi\u00f3n de M\u00e1xima Seguridad de la Base Naval del Callao, \u00abbajo el r\u00e9gimen penitenciario que exist\u00eda antes de la vulneraci\u00f3n de sus derechos\u00bb. Fuente : rpp<\/p>\n<p>&nbsp;<\/p>\n","protected":false},"excerpt":{"rendered":"<p>Vladimiro Montesinos retorn\u00f3\u00a0a su c\u00e1rcel dorada, la Base Naval del Callao &nbsp; Peri\u00f3dico Digital La Regi\u00f3n Sur, 21 junio 2022.- El Instituto Nacional Penitenciario (INPE) realiz\u00f3 el traslado del exasesor presidencial Vladimiro Montesinos Torres al Centro de Reclusi\u00f3n de M\u00e1xima Seguridad de la Base Naval del Callao \u2013 CEREC. &nbsp; Seg\u00fan el comunicado del INPE, &hellip;<\/p>\n","protected":false},"author":1,"featured_media":3456,"comment_status":"open","ping_status":"open","sticky":false,"template":"","format":"standard","meta":{"footnotes":""},"categories":[40],"tags":[],"class_list":["post-3455","post","type-post","status-publish","format-standard","has-post-thumbnail","","category-nacionales"],"_links":{"self":[{"href":"https:\/\/laregionsur.com\/index.php?rest_route=\/wp\/v2\/posts\/3455","targetHints":{"allow":["GET"]}}],"collection":[{"href":"https:\/\/laregionsur.com\/index.php?rest_route=\/wp\/v2\/posts"}],"about":[{"href":"https:\/\/laregionsur.com\/index.php?rest_route=\/wp\/v2\/types\/post"}],"author":[{"embeddable":true,"href":"https:\/\/laregionsur.com\/index.php?rest_route=\/wp\/v2\/users\/1"}],"replies":[{"embeddable":true,"href":"https:\/\/laregionsur.com\/index.php?rest_route=%2Fwp%2Fv2%2Fcomments&post=3455"}],"version-history":[{"count":0,"href":"https:\/\/laregionsur.com\/index.php?rest_route=\/wp\/v2\/posts\/3455\/revisions"}],"wp:featuredmedia":[{"embeddable":true,"href":"https:\/\/laregionsur.com\/index.php?rest_route=\/"}],"wp:attachment":[{"href":"https:\/\/laregionsur.com\/index.php?rest_route=%2Fwp%2Fv2%2Fmedia&parent=3455"}],"wp:term":[{"taxonomy":"category","embeddable":true,"href":"https:\/\/laregionsur.com\/index.php?rest_route=%2Fwp%2Fv2%2Fcategories&post=3455"},{"taxonomy":"post_tag","embeddable":true,"href":"https:\/\/laregionsur.com\/index.php?rest_route=%2Fwp%2Fv2%2Ftags&post=3455"}],"curies":[{"name":"wp","href":"https:\/\/api.w.org\/{rel}","templated":true}]}}