{"id":3416,"date":"2022-06-17T12:54:46","date_gmt":"2022-06-17T12:54:46","guid":{"rendered":"https:\/\/laregionsur.com\/?p=3416"},"modified":"2022-06-17T12:54:46","modified_gmt":"2022-06-17T12:54:46","slug":"se-necesita-solucionar-los-conflictos-sociales-para-el-crecimiento-minero-formal-en-el-peru","status":"publish","type":"post","link":"https:\/\/laregionsur.com\/?p=3416","title":{"rendered":"Se necesita solucionar los conflictos sociales para el crecimiento minero formal en el Peru"},"content":{"rendered":"<div class=\"post-title\"><\/div>\n<div><\/div>\n<div class=\"legend\">Se necesita solucionar los conflictos sociales<\/div>\n<div class=\"legend\">para el crecimiento minero formal en el Peru<\/div>\n<div class=\"legend\"><\/div>\n<p>&nbsp;<\/p>\n<p>Peri\u00f3dico Digital La Regi\u00f3n Sur 17\u00a0 junio 2022.- Para el presidente de la Sociedad Nacional de Miner\u00eda, Petr\u00f3leo y Energ\u00eda (SNMPE), Ra\u00fal Jacob, durante su participaci\u00f3n en la convenci\u00f3n minera PDAC que se desarrolla en Canad\u00e1, es \u00ab indispensable establecer una visi\u00f3n definitiva respecto al rol y funcionamiento de la miner\u00eda con reglas claras y estables en el tiempo, fortalecer las instituciones p\u00fablicas con cuadros t\u00e9cnicos y profesionales, y afianzar el trabajo conjunto entre los sectores p\u00fablico y privado para alentar el desarrollo del pa\u00eds\u00bb.<\/p>\n<p>Jacob indic\u00f3 que, para asegurar el crecimiento de la industria minera formal, se precisa de la soluci\u00f3n de los conflictos sociales con una mirada de largo plazo, manteniendo la competitividad del sector y mejorando el actuar responsable de las compa\u00f1\u00edas mineras con altos est\u00e1ndares en temas ambientales, sociales y de gobernanza corporativa (ESG).<\/p>\n<p>\u00abSi se logra un clima adecuado y estabilidad para la inversi\u00f3n, los proyectos que estaban programados para empezar a construirse entre el 2021 \u2013 2025 podr\u00edan incrementar la producci\u00f3n de cobre en 26% y la de oro en 27%; se generar\u00edan 117,000 nuevos empleos directos e indirectos, y la recaudaci\u00f3n tributaria proveniente del sector minero aumentar\u00eda en US$ 1,400 millones anuales\u00bb, se\u00f1al\u00f3.<\/p>\n<p>Con relaci\u00f3n a la reciente evaluaci\u00f3n del Fondo Monetario Internacional al r\u00e9gimen fiscal minero peruano, expres\u00f3 que el FMI concluy\u00f3 que el modelo es altamente competitivo y uno de los m\u00e1s progresivos de los que se aplican en los pa\u00edses mineros. \u00abS\u00ed el r\u00e9gimen tributario funciona, no hay que pensar en cambiarlo sino m\u00e1s bien en c\u00f3mo emplear mejor los importantes recursos que se est\u00e1n generando actualmente\u00bb, remarc\u00f3.<\/p>\n<p>De otro lado, manifest\u00f3 que es necesario que el Ministerio de Energ\u00eda y Minas recupere su nivel t\u00e9cnico y, en ese sentido, destac\u00f3 los esfuerzos que est\u00e1 llevando adelante la ministra Alessandra Herrera para ese objetivo.<\/p>\n<p>Asimismo, inform\u00f3 que los conflictos sociales que golpean al sector minero han ocasionado p\u00e9rdidas en producci\u00f3n estimadas en m\u00e1s de US$770 millones y el pa\u00eds ha dejado de percibir otros US$ 195 millones por concepto de impuestos y de regal\u00edas durante los primeros cinco meses del a\u00f1o.<\/p>\n<p>La alternativa para lograr una soluci\u00f3n a la conflictividad social \u2014dijo\u2014 est\u00e1 en el trabajo permanente con una mirada de largo plazo, que involucre establecer mecanismos de prevenci\u00f3n y gesti\u00f3n de conflictos que enlace a los tres niveles de gobierno y a las instituciones estatales; hacer prevalecer el Estado de derecho y lograr el uso eficiente y transparente de los recursos econ\u00f3micos (canon y regal\u00edas) que genera la miner\u00eda.<\/p>\n<p>Un tema que urge resolver \u2014refiri\u00f3\u2014 es el avance descontrolado de la miner\u00eda ilegal e informal, que se ha convertido en una seria amenaza para el pa\u00eds. \u00abLa miner\u00eda ilegal destruye los ecosistemas y genera graves problemas sociales, ambientales y econ\u00f3micos; sin embargo, nuestras autoridades no han dise\u00f1ado hasta el momento una estrategia articulada para erradicarla o formalizarla cuando corresponda\u00bb, puntualiz\u00f3. Con informaci\u00f3n de Energiminas.<\/p>\n<p>&nbsp;<\/p>\n","protected":false},"excerpt":{"rendered":"<p>Se necesita solucionar los conflictos sociales para el crecimiento minero formal en el Peru &nbsp; Peri\u00f3dico Digital La Regi\u00f3n Sur 17\u00a0 junio 2022.- Para el presidente de la Sociedad Nacional de Miner\u00eda, Petr\u00f3leo y Energ\u00eda (SNMPE), Ra\u00fal Jacob, durante su participaci\u00f3n en la convenci\u00f3n minera PDAC que se desarrolla en Canad\u00e1, es \u00ab indispensable establecer &hellip;<\/p>\n","protected":false},"author":1,"featured_media":3417,"comment_status":"open","ping_status":"open","sticky":false,"template":"","format":"standard","meta":{"footnotes":""},"categories":[39,40],"tags":[],"class_list":["post-3416","post","type-post","status-publish","format-standard","has-post-thumbnail","","category-stock-market","category-nacionales"],"_links":{"self":[{"href":"https:\/\/laregionsur.com\/index.php?rest_route=\/wp\/v2\/posts\/3416","targetHints":{"allow":["GET"]}}],"collection":[{"href":"https:\/\/laregionsur.com\/index.php?rest_route=\/wp\/v2\/posts"}],"about":[{"href":"https:\/\/laregionsur.com\/index.php?rest_route=\/wp\/v2\/types\/post"}],"author":[{"embeddable":true,"href":"https:\/\/laregionsur.com\/index.php?rest_route=\/wp\/v2\/users\/1"}],"replies":[{"embeddable":true,"href":"https:\/\/laregionsur.com\/index.php?rest_route=%2Fwp%2Fv2%2Fcomments&post=3416"}],"version-history":[{"count":0,"href":"https:\/\/laregionsur.com\/index.php?rest_route=\/wp\/v2\/posts\/3416\/revisions"}],"wp:featuredmedia":[{"embeddable":true,"href":"https:\/\/laregionsur.com\/index.php?rest_route=\/"}],"wp:attachment":[{"href":"https:\/\/laregionsur.com\/index.php?rest_route=%2Fwp%2Fv2%2Fmedia&parent=3416"}],"wp:term":[{"taxonomy":"category","embeddable":true,"href":"https:\/\/laregionsur.com\/index.php?rest_route=%2Fwp%2Fv2%2Fcategories&post=3416"},{"taxonomy":"post_tag","embeddable":true,"href":"https:\/\/laregionsur.com\/index.php?rest_route=%2Fwp%2Fv2%2Ftags&post=3416"}],"curies":[{"name":"wp","href":"https:\/\/api.w.org\/{rel}","templated":true}]}}