{"id":3370,"date":"2022-06-10T21:12:42","date_gmt":"2022-06-10T21:12:42","guid":{"rendered":"https:\/\/laregionsur.com\/?p=3370"},"modified":"2022-06-10T21:12:42","modified_gmt":"2022-06-10T21:12:42","slug":"hallan-cadaver-de-varon-no-identificado-a-espaldas-de-una-vivienda","status":"publish","type":"post","link":"https:\/\/laregionsur.com\/?p=3370","title":{"rendered":"HALLAN CADAVER DE VAR\u00d3N NO IDENTIFICADO A ESPALDAS DE UNA VIVIENDA"},"content":{"rendered":"<p>HALLAN CADAVER DE VAR\u00d3N NO IDENTIFICADO A ESPALDAS DE UNA VIVIENDA<\/p>\n<ul>\n<li>Habria fallecido en derrumbe en t\u00fanel a espaldas de inmueble en Ilo<\/li>\n<\/ul>\n<p>Peri\u00f3dico Digital La Regi\u00f3n Sur 10\u00a0 junio del 2022.-\u00a0 El cuerpo de un var\u00f3n no identificado de alrededor de 55 a\u00f1os fue rescatado la ma\u00f1ana del viernes 10 de junio por bomberos voluntarios, el mismo que estaba enterrado en una cueva donde pernoctan personas sin vivienda ubicado a espaldas de inmueble en Costa Azul A-1 en el Puerto de Ilo.<br \/>\nSeg\u00fan testigos sintieronun derrumbe y el cuerpo de una persona enterrada en el suelo de la cueva en posici\u00f3n de c\u00fabito ventral al parecer muerto, por lo que dieron parte a las autoridades competentes.<br \/>\nLuego de comunicaci\u00f3n de la Polic\u00eda Nacional efectivos de Criminal\u00edstica junto a la Fiscal Penal de Turno Yuridia Medina Calatayud y el m\u00e9dico legista Luis Backer Calle acudieron al lugar hallando a un var\u00f3n no identificado vestido con buzo negro, jean azul chompa de lana y p\u00f3lera azul realiz\u00e1ndose las pesquisas en el lugar de los hechos por parte de personal de Medicina Legal y Criminal\u00edstica.<\/p>\n<p>El cuerpo fue derivado a la Divisi\u00f3n M\u00e9dico Legal de Ilo para realizarse la necropsia de ley para determinar la causa real de muerte adem\u00e1s de disponer las diligencias urgentes y necesarias a realizarse para la identificaci\u00f3n de la persona.<\/p>\n","protected":false},"excerpt":{"rendered":"<p>HALLAN CADAVER DE VAR\u00d3N NO IDENTIFICADO A ESPALDAS DE UNA VIVIENDA Habria fallecido en derrumbe en t\u00fanel a espaldas de inmueble en Ilo Peri\u00f3dico Digital La Regi\u00f3n Sur 10\u00a0 junio del 2022.-\u00a0 El cuerpo de un var\u00f3n no identificado de alrededor de 55 a\u00f1os fue rescatado la ma\u00f1ana del viernes 10 de junio por bomberos &hellip;<\/p>\n","protected":false},"author":1,"featured_media":3371,"comment_status":"open","ping_status":"open","sticky":false,"template":"","format":"standard","meta":{"footnotes":""},"categories":[56],"tags":[],"class_list":["post-3370","post","type-post","status-publish","format-standard","has-post-thumbnail","","category-finance"],"_links":{"self":[{"href":"https:\/\/laregionsur.com\/index.php?rest_route=\/wp\/v2\/posts\/3370","targetHints":{"allow":["GET"]}}],"collection":[{"href":"https:\/\/laregionsur.com\/index.php?rest_route=\/wp\/v2\/posts"}],"about":[{"href":"https:\/\/laregionsur.com\/index.php?rest_route=\/wp\/v2\/types\/post"}],"author":[{"embeddable":true,"href":"https:\/\/laregionsur.com\/index.php?rest_route=\/wp\/v2\/users\/1"}],"replies":[{"embeddable":true,"href":"https:\/\/laregionsur.com\/index.php?rest_route=%2Fwp%2Fv2%2Fcomments&post=3370"}],"version-history":[{"count":0,"href":"https:\/\/laregionsur.com\/index.php?rest_route=\/wp\/v2\/posts\/3370\/revisions"}],"wp:featuredmedia":[{"embeddable":true,"href":"https:\/\/laregionsur.com\/index.php?rest_route=\/"}],"wp:attachment":[{"href":"https:\/\/laregionsur.com\/index.php?rest_route=%2Fwp%2Fv2%2Fmedia&parent=3370"}],"wp:term":[{"taxonomy":"category","embeddable":true,"href":"https:\/\/laregionsur.com\/index.php?rest_route=%2Fwp%2Fv2%2Fcategories&post=3370"},{"taxonomy":"post_tag","embeddable":true,"href":"https:\/\/laregionsur.com\/index.php?rest_route=%2Fwp%2Fv2%2Ftags&post=3370"}],"curies":[{"name":"wp","href":"https:\/\/api.w.org\/{rel}","templated":true}]}}