{"id":3364,"date":"2022-06-10T16:06:14","date_gmt":"2022-06-10T16:06:14","guid":{"rendered":"https:\/\/laregionsur.com\/?p=3364"},"modified":"2022-06-10T16:06:14","modified_gmt":"2022-06-10T16:06:14","slug":"allanan-predio-en-calana-por-caso-priscila-bravo","status":"publish","type":"post","link":"https:\/\/laregionsur.com\/?p=3364","title":{"rendered":"Allanan predio en Calana por caso Priscila Bravo"},"content":{"rendered":"<div class=\"kvgmc6g5 cxmmr5t8 oygrvhab hcukyx3x c1et5uql ii04i59q\">\n<div dir=\"auto\" style=\"text-align: justify;\">El equipo del S\u00e9ptimo Despacho de Investigaci\u00f3n de la Fiscal\u00eda Provincial Penal Corporativa de Tacna, dirige la diligencia de allanamiento y descerraje en la vivienda galp\u00f3n ubicado en la Av. Los \u00c1ngeles (sector piedra Blanca) distrito de Calana, en la investigaci\u00f3n por el presunto delito contra la vida el cuerpo y la salud en la modalidad de feminicidio en agravio de Priscila Briggeth Bravo \u00c1lvarez.<\/div>\n<\/div>\n<div class=\"cxmmr5t8 oygrvhab hcukyx3x c1et5uql o9v6fnle ii04i59q\" style=\"text-align: justify;\">\n<div dir=\"auto\">La diligencia de allanamiento y descerraje solicitada por la Fiscal\u00eda fue declarada fundada por el Segundo Juzgado de Investigaci\u00f3n Preparatoria a cargo del juez Jos\u00e9 Antonio Machicao Tejada, a trav\u00e9s de la Resoluci\u00f3n N\u00b01, del 03 de junio del presente.<\/div>\n<\/div>\n<div class=\"cxmmr5t8 oygrvhab hcukyx3x c1et5uql o9v6fnle ii04i59q\" style=\"text-align: justify;\">\n<div dir=\"auto\">En el operativo participan los fiscales Virginia Salas Mendoza, Isabel Mendoza C\u00e1ceres e Hilario Claros C\u00e1ceres junto personal policial de Criminal\u00edstica de Tacna, personal especializado de la Polic\u00eda Nacional de Lima y Polic\u00eda Canina de Arequipa.<\/div>\n<\/div>\n<div class=\"cxmmr5t8 oygrvhab hcukyx3x c1et5uql o9v6fnle ii04i59q\">\n<div dir=\"auto\" style=\"text-align: justify;\">La fiscal Virginia Salas Mendoza, explic\u00f3 que las diligencias tienen la finalidad de incautar bienes, documentos y cualquier instrumento vinculado a la investigaci\u00f3n. Adem\u00e1s se realizan excavaciones a fin de hallar indicios sobre los hechos.<\/div>\n<\/div>\n","protected":false},"excerpt":{"rendered":"<p>El equipo del S\u00e9ptimo Despacho de Investigaci\u00f3n de la Fiscal\u00eda Provincial Penal Corporativa de Tacna, dirige la diligencia de allanamiento y descerraje en la vivienda galp\u00f3n ubicado en la Av. Los \u00c1ngeles (sector piedra Blanca) distrito de Calana, en la investigaci\u00f3n por el presunto delito contra la vida el cuerpo y la salud en la &hellip;<\/p>\n","protected":false},"author":1,"featured_media":3365,"comment_status":"open","ping_status":"open","sticky":false,"template":"","format":"standard","meta":{"footnotes":""},"categories":[44],"tags":[],"class_list":["post-3364","post","type-post","status-publish","format-standard","has-post-thumbnail","","category-global-trade"],"_links":{"self":[{"href":"https:\/\/laregionsur.com\/index.php?rest_route=\/wp\/v2\/posts\/3364","targetHints":{"allow":["GET"]}}],"collection":[{"href":"https:\/\/laregionsur.com\/index.php?rest_route=\/wp\/v2\/posts"}],"about":[{"href":"https:\/\/laregionsur.com\/index.php?rest_route=\/wp\/v2\/types\/post"}],"author":[{"embeddable":true,"href":"https:\/\/laregionsur.com\/index.php?rest_route=\/wp\/v2\/users\/1"}],"replies":[{"embeddable":true,"href":"https:\/\/laregionsur.com\/index.php?rest_route=%2Fwp%2Fv2%2Fcomments&post=3364"}],"version-history":[{"count":0,"href":"https:\/\/laregionsur.com\/index.php?rest_route=\/wp\/v2\/posts\/3364\/revisions"}],"wp:featuredmedia":[{"embeddable":true,"href":"https:\/\/laregionsur.com\/index.php?rest_route=\/"}],"wp:attachment":[{"href":"https:\/\/laregionsur.com\/index.php?rest_route=%2Fwp%2Fv2%2Fmedia&parent=3364"}],"wp:term":[{"taxonomy":"category","embeddable":true,"href":"https:\/\/laregionsur.com\/index.php?rest_route=%2Fwp%2Fv2%2Fcategories&post=3364"},{"taxonomy":"post_tag","embeddable":true,"href":"https:\/\/laregionsur.com\/index.php?rest_route=%2Fwp%2Fv2%2Ftags&post=3364"}],"curies":[{"name":"wp","href":"https:\/\/api.w.org\/{rel}","templated":true}]}}