{"id":3310,"date":"2022-06-03T15:10:17","date_gmt":"2022-06-03T15:10:17","guid":{"rendered":"https:\/\/laregionsur.com\/?p=3310"},"modified":"2022-06-03T15:10:17","modified_gmt":"2022-06-03T15:10:17","slug":"presentan-proyecto-de-ley-para-nacionalizar-el-cobre","status":"publish","type":"post","link":"https:\/\/laregionsur.com\/?p=3310","title":{"rendered":"Presentan proyecto de ley  para nacionalizar el cobre"},"content":{"rendered":"<p>Presentan proyecto de ley<\/p>\n<p>para nacionalizar el cobre<\/p>\n<ul>\n<li>Adem\u00e1s crear empresa estatal \u201cLas Bambas SAC\u201d<\/li>\n<li>En proyecto se dispone la creaci\u00f3n de la Corporaci\u00f3n Nacional del Cobre, \u201ccon exclusividad sobre la exploraci\u00f3n, extracci\u00f3n, primera industrializaci\u00f3n y remediaci\u00f3n de los pasivos derivados de sus actividades de la explotaci\u00f3n cupr\u00edfera en todo el pa\u00eds\u201d.<\/li>\n<\/ul>\n<p>&nbsp;<\/p>\n<p>Peri\u00f3dico Digital, La Regi\u00f3n Sur 03 junio 2022.- El jueves 2 de junio la bancada de Per\u00fa Libre, a trav\u00e9s de la congresista Margot Palacios Huam\u00e1n, present\u00f3 un proyecto de ley para la nacionalizaci\u00f3n del cobre y creaci\u00f3n de la empresa estatal Las Bambas SAC.<\/p>\n<p>&nbsp;<\/p>\n<p>La iniciativa busca normar la explotaci\u00f3n de los recursos cupr\u00edferos existentes en el territorio nacional. Adem\u00e1s, de garantizar la propiedad nacional sobre el cobre en estado natural en el subsuelo, el reconocimiento de su valor econ\u00f3mico, optimizar la distribuci\u00f3n de la riqueza que su explotaci\u00f3n genera e impulsar el desarrollo nacional desde el interior del pa\u00eds.<\/p>\n<p>&nbsp;<\/p>\n<p>Por otro lado, el proyecto de ley 2259\/2021-CR tambi\u00e9n hace referencia al aprovechamiento de los recursos por parte de los pueblos originarios.<\/p>\n<p>\u201cLa explotaci\u00f3n y el aprovechamiento de los recursos cupr\u00edferos del subsuelo son autorizados por las comunidades campesinas, ind\u00edgenas , coste\u00f1as , andinas , amaz\u00f3nicas , nativas de los pueblos originarios que hist\u00f3ricamente ocupan el suelo bajo el que dichos recursos se encuentran\u201d, estipula el documento.<\/p>\n<p>&nbsp;<\/p>\n<p>Finalmente, se dispone la creaci\u00f3n de una empresa estatal del cobre. \u201cCr\u00e9ase como persona jur\u00eddica de derecho privado la Corporaci\u00f3n Nacional del Cobre, con exclusividad sobre la exploraci\u00f3n, extracci\u00f3n, primera industrializaci\u00f3n y remediaci\u00f3n de los pasivos derivados de sus actividades de la explotaci\u00f3n cupr\u00edfera en todo el pa\u00eds\u201d.<\/p>\n<p>&nbsp;<\/p>\n<p>En ese sentido, se se\u00f1ala que los costos de la remediaci\u00f3n de la actividad minera vigente y los pasivos mineros existentes sean asumidos por las empresas cuya actividad los gener\u00f3. Con informaci\u00f3n de El Comercio.<\/p>\n","protected":false},"excerpt":{"rendered":"<p>Presentan proyecto de ley para nacionalizar el cobre Adem\u00e1s crear empresa estatal \u201cLas Bambas SAC\u201d En proyecto se dispone la creaci\u00f3n de la Corporaci\u00f3n Nacional del Cobre, \u201ccon exclusividad sobre la exploraci\u00f3n, extracci\u00f3n, primera industrializaci\u00f3n y remediaci\u00f3n de los pasivos derivados de sus actividades de la explotaci\u00f3n cupr\u00edfera en todo el pa\u00eds\u201d. &nbsp; Peri\u00f3dico Digital, &hellip;<\/p>\n","protected":false},"author":1,"featured_media":3311,"comment_status":"open","ping_status":"open","sticky":false,"template":"","format":"standard","meta":{"footnotes":""},"categories":[39,40],"tags":[],"class_list":["post-3310","post","type-post","status-publish","format-standard","has-post-thumbnail","","category-stock-market","category-nacionales"],"_links":{"self":[{"href":"https:\/\/laregionsur.com\/index.php?rest_route=\/wp\/v2\/posts\/3310","targetHints":{"allow":["GET"]}}],"collection":[{"href":"https:\/\/laregionsur.com\/index.php?rest_route=\/wp\/v2\/posts"}],"about":[{"href":"https:\/\/laregionsur.com\/index.php?rest_route=\/wp\/v2\/types\/post"}],"author":[{"embeddable":true,"href":"https:\/\/laregionsur.com\/index.php?rest_route=\/wp\/v2\/users\/1"}],"replies":[{"embeddable":true,"href":"https:\/\/laregionsur.com\/index.php?rest_route=%2Fwp%2Fv2%2Fcomments&post=3310"}],"version-history":[{"count":0,"href":"https:\/\/laregionsur.com\/index.php?rest_route=\/wp\/v2\/posts\/3310\/revisions"}],"wp:featuredmedia":[{"embeddable":true,"href":"https:\/\/laregionsur.com\/index.php?rest_route=\/"}],"wp:attachment":[{"href":"https:\/\/laregionsur.com\/index.php?rest_route=%2Fwp%2Fv2%2Fmedia&parent=3310"}],"wp:term":[{"taxonomy":"category","embeddable":true,"href":"https:\/\/laregionsur.com\/index.php?rest_route=%2Fwp%2Fv2%2Fcategories&post=3310"},{"taxonomy":"post_tag","embeddable":true,"href":"https:\/\/laregionsur.com\/index.php?rest_route=%2Fwp%2Fv2%2Ftags&post=3310"}],"curies":[{"name":"wp","href":"https:\/\/api.w.org\/{rel}","templated":true}]}}