{"id":3100,"date":"2022-05-24T03:02:31","date_gmt":"2022-05-24T03:02:31","guid":{"rendered":"https:\/\/laregionsur.com\/?p=3100"},"modified":"2022-05-24T03:02:31","modified_gmt":"2022-05-24T03:02:31","slug":"nuevo-ministro-dicen-matara-la-agricultura-no-sabe-nada","status":"publish","type":"post","link":"https:\/\/laregionsur.com\/?p=3100","title":{"rendered":"Nuevo ministro dicen \u201cmatar\u00e1\u201d  la agricultura, no sabe nada"},"content":{"rendered":"<p>Nuevo ministro dicen \u201cmatar\u00e1\u201d<\/p>\n<p>la agricultura, no sabe nada<\/p>\n<p>&nbsp;<\/p>\n<ul>\n<li>Fernando Arce titular del Ministerio de Desarrollo Agrario y Riego no registra estudios ni experiencia en el sector.<\/li>\n<\/ul>\n<p>&nbsp;<\/p>\n<p>&nbsp;<\/p>\n<p>Peri\u00f3dico Digital La Regi\u00f3n Sur 23 mayo 2022.- \u00a0Javier Fernando Arce Alvarado asumi\u00f3 este domingo 22 de mayo el Ministerio de Desarrollo Agrario y Riego (Midagri). Arce reemplazar\u00e1 al \u00d3scar Zea en un contexto de incertidumbre frente a la posible crisis de seguridad alimentaria que enfrentar\u00eda el Per\u00fa debido a la escasez de fertilizantes.<\/p>\n<p>&nbsp;<\/p>\n<p>Zea se retira del cargo en medio de cr\u00edticas de gremios agricultores y con el antecedente del paro de transportistas y ganaderos. El \u00faltimo martes 17 de mayo, diversos legisladores presentaron una moci\u00f3n en su contra por haber invertido apenas el 21% del presupuesto destinado a su ahora gesti\u00f3n terminada.<\/p>\n<p>&nbsp;<\/p>\n<p>En el caso del nuevo titular del Midagri, se trata de un congresista que ingres\u00f3 en las \u00faltimas elecciones al Legislativo como parlamentario andino con el partido del jefe de Estado, Per\u00fa Libre. No obstante, el nombramiento no fue coordinado con la bancada ni con el secretario Vladimir Cerr\u00f3n, seg\u00fan consign\u00f3 el sentenciado exgobernador de Jun\u00edn mediante redes sociales.<\/p>\n<p>&nbsp;<\/p>\n<p>FORMACI\u00d3N ACAD\u00c9MICA<\/p>\n<p>&nbsp;<\/p>\n<p>El ministro arequipe\u00f1o registra la educaci\u00f3n b\u00e1sica completa. Tambi\u00e9n concluy\u00f3 la carrera de Administraci\u00f3n de Empresas en el Instituto Superior Tecnol\u00f3gico no estatal Santiago de Surco, tal y como se consigna en su hoja de vida. No tiene estudios universitarios y, por ende, tampoco de posgrado.<\/p>\n<p>&nbsp;<\/p>\n<p>El centro de estudios mencionado no figura en la p\u00e1gina del Ministerio de Educaci\u00f3n que agrupa a los institutos de educaci\u00f3n superior licenciados por la entidad estatal.<\/p>\n<p>&nbsp;<\/p>\n<p>EXPERIENCIA LABORAL<\/p>\n<p>&nbsp;<\/p>\n<p>Arce trabaj\u00f3 por lo expuesto en el portal web de voto informado del Jurado Nacional de Elecciones como gerente general en la empresa de construcci\u00f3n Kayson Per\u00fa SAC, desde su fundaci\u00f3n en 2013. La sede donde ofici\u00f3 el integrante del Parlamento Andino se ubica en Puente Piedra, Lima. La renta bruta anual por ejercicio individual que registr\u00f3 es de S\/ 61.000.<\/p>\n<p>CARRERA POL\u00cdTICA<\/p>\n<p>&nbsp;<\/p>\n<p>En 1996 el reci\u00e9n nombrado ministro fue elegido como regidor distrital de Santa Rosa, en la capital del pa\u00eds. Catorce a\u00f1os despu\u00e9s, entre 2010 y 2011, se desempe\u00f1\u00f3 como secretario general en la misma municipalidad.<\/p>\n<p>&nbsp;<\/p>\n<p>Fue parte de Cambio Radical, organizaci\u00f3n pol\u00edtica que fund\u00f3 Jos\u00e9 Barba Caballero. Arce renunci\u00f3 en 2011. Tambi\u00e9n integr\u00f3 las filas del izquierdista Partido Nacionalista Peruano, creado por el expresidente Ollanta Humala. Dimiti\u00f3 en 2015.<\/p>\n<p>&nbsp;<\/p>\n<p>El l\u00edder de Per\u00fa Libre, Vladimir Cerr\u00f3n, asegur\u00f3 que los cambios de cuatro ministros en el gabinete no fueron consultados con su partido. Asimismo, descart\u00f3 que en esta elecci\u00f3n hayan participado miembros de las bancadas Per\u00fa Libre y Magisterial. \u201cSon decisiones propias del presidente (Pedro Castillo)\u201d, sostuvo en su cuenta de Twitter. Fuente La Republica.pe<\/p>\n","protected":false},"excerpt":{"rendered":"<p>Nuevo ministro dicen \u201cmatar\u00e1\u201d la agricultura, no sabe nada &nbsp; Fernando Arce titular del Ministerio de Desarrollo Agrario y Riego no registra estudios ni experiencia en el sector. &nbsp; &nbsp; Peri\u00f3dico Digital La Regi\u00f3n Sur 23 mayo 2022.- \u00a0Javier Fernando Arce Alvarado asumi\u00f3 este domingo 22 de mayo el Ministerio de Desarrollo Agrario y Riego &hellip;<\/p>\n","protected":false},"author":1,"featured_media":3101,"comment_status":"open","ping_status":"open","sticky":false,"template":"","format":"standard","meta":{"footnotes":""},"categories":[40],"tags":[],"class_list":["post-3100","post","type-post","status-publish","format-standard","has-post-thumbnail","","category-nacionales"],"_links":{"self":[{"href":"https:\/\/laregionsur.com\/index.php?rest_route=\/wp\/v2\/posts\/3100","targetHints":{"allow":["GET"]}}],"collection":[{"href":"https:\/\/laregionsur.com\/index.php?rest_route=\/wp\/v2\/posts"}],"about":[{"href":"https:\/\/laregionsur.com\/index.php?rest_route=\/wp\/v2\/types\/post"}],"author":[{"embeddable":true,"href":"https:\/\/laregionsur.com\/index.php?rest_route=\/wp\/v2\/users\/1"}],"replies":[{"embeddable":true,"href":"https:\/\/laregionsur.com\/index.php?rest_route=%2Fwp%2Fv2%2Fcomments&post=3100"}],"version-history":[{"count":0,"href":"https:\/\/laregionsur.com\/index.php?rest_route=\/wp\/v2\/posts\/3100\/revisions"}],"wp:featuredmedia":[{"embeddable":true,"href":"https:\/\/laregionsur.com\/index.php?rest_route=\/"}],"wp:attachment":[{"href":"https:\/\/laregionsur.com\/index.php?rest_route=%2Fwp%2Fv2%2Fmedia&parent=3100"}],"wp:term":[{"taxonomy":"category","embeddable":true,"href":"https:\/\/laregionsur.com\/index.php?rest_route=%2Fwp%2Fv2%2Fcategories&post=3100"},{"taxonomy":"post_tag","embeddable":true,"href":"https:\/\/laregionsur.com\/index.php?rest_route=%2Fwp%2Fv2%2Ftags&post=3100"}],"curies":[{"name":"wp","href":"https:\/\/api.w.org\/{rel}","templated":true}]}}