{"id":3057,"date":"2022-05-21T23:50:21","date_gmt":"2022-05-21T23:50:21","guid":{"rendered":"https:\/\/laregionsur.com\/?p=3057"},"modified":"2022-05-21T23:50:21","modified_gmt":"2022-05-21T23:50:21","slug":"policia-mato-a-un-delincuente-e-hirio-a-otro","status":"publish","type":"post","link":"https:\/\/laregionsur.com\/?p=3057","title":{"rendered":"POLICIA MATO A UN DELINCUENTE E HIRIO A OTRO"},"content":{"rendered":"<p>POLICIA MATO A UN DELINCUENTE E HIRIO A OTRO<\/p>\n<ul>\n<li>Quisieron asaltarlo en la puerta de su casa.<\/li>\n<\/ul>\n<p data-t=\"{&quot;n&quot;:&quot;blueLinks&quot;}\">Peri\u00f3dico Digital La Regi\u00f3n Sur 21 mayo 2022.- La <a tabindex=\"0\" href=\"https:\/\/elpopular.pe\/mundo\/2022\/05\/16\/argentina-dos-ninos-saltaron-vias-tren-rescatar-su-perrito-pero-murieron-arrollados-junto-mascotas-jose-c-paz-128128\" target=\"_blank\" rel=\"noopener\" data-t=\"{&quot;n&quot;:&quot;destination&quot;,&quot;t&quot;:13,&quot;b&quot;:1,&quot;c.t&quot;:7}\">inseguridad no tiene fin <\/a>y es que esta vez un <strong>polic\u00eda <\/strong>fue victima de asalto cuando a penas llegaba a su casa. Sin embargo, su r\u00e1pido accionar tuvo como desenlace la muerte de uno de los malhechores a causa de los disparos que hizo en defensa propia.<\/p>\n<p data-t=\"{&quot;n&quot;:&quot;blueLinks&quot;}\">Otro de los ladrones que pretend\u00eda asaltar al efectivo termin\u00f3 herido y huyendo. Todo empez\u00f3 este viernes por la noche, cerca de las 9:30 pm cuando el polic\u00eda fue sorprendido cuando llegaba a su domicilia cuando dos delincuentes lo abordaron.<\/p>\n<p data-t=\"{&quot;n&quot;:&quot;blueLinks&quot;}\">Estos lo amenazaron con un arma para asaltarlo, pero no sab\u00edan que se trataba de un polic\u00eda que estaba vestido de civil. En defensa el efectivo reaccion\u00f3 con disparos haciendo que uno de los delincuentes cayera muerte en el piso y que el otro huyera herido.<\/p>\n<p data-t=\"{&quot;n&quot;:&quot;blueLinks&quot;}\">No obstante, horas despu\u00e9s de lo ocurrido familiares del hombre fallecido que intent\u00f3 asaltar al polic\u00eda en la puerta de su domicilia se apersonaron al lugar a increpar por su accionar. Sin embargo, se regresaron con las misma pues el efectivo no hizo caso.<\/p>\n<blockquote class=\"wp-block-quote\"><p><span style=\"color: #666666; font-size: 15px;\">Los hechos ocurrieron en la localidad bonaerense de <\/span><strong style=\"color: #666666; font-size: 15px;\">Villa Constructora<\/strong><span style=\"color: #666666; font-size: 15px;\">, <\/span><strong style=\"color: #666666; font-size: 15px;\">Argentina<\/strong><span style=\"color: #666666; font-size: 15px;\">. Por el momento la fiscal\u00eda de<\/span><strong style=\"color: #666666; font-size: 15px;\"> Homicidios de La Matanza<\/strong><span style=\"color: #666666; font-size: 15px;\"> no han tomado cargos en contra del oficial que reacciono en defensa propia, sin Embargo, este espera los resultados de las pericias y la autopsia del sujeto.<\/span><\/p><\/blockquote>\n<p id=\"continueReadBreak\" data-t=\"{&quot;n&quot;:&quot;blueLinks&quot;}\">No cabe duda, que la inseguridad ciudadana en todo el mundo est\u00e1 de mal en peor. Vecinos del polic\u00eda esperan que no impongan cargos contra el oficial que solo se defendi\u00f3. Fuente: MSM noticias<\/p>\n","protected":false},"excerpt":{"rendered":"<p>POLICIA MATO A UN DELINCUENTE E HIRIO A OTRO Quisieron asaltarlo en la puerta de su casa. Peri\u00f3dico Digital La Regi\u00f3n Sur 21 mayo 2022.- La inseguridad no tiene fin y es que esta vez un polic\u00eda fue victima de asalto cuando a penas llegaba a su casa. Sin embargo, su r\u00e1pido accionar tuvo como &hellip;<\/p>\n","protected":false},"author":1,"featured_media":3058,"comment_status":"open","ping_status":"open","sticky":false,"template":"","format":"standard","meta":{"footnotes":""},"categories":[40],"tags":[],"class_list":["post-3057","post","type-post","status-publish","format-standard","has-post-thumbnail","","category-nacionales"],"_links":{"self":[{"href":"https:\/\/laregionsur.com\/index.php?rest_route=\/wp\/v2\/posts\/3057","targetHints":{"allow":["GET"]}}],"collection":[{"href":"https:\/\/laregionsur.com\/index.php?rest_route=\/wp\/v2\/posts"}],"about":[{"href":"https:\/\/laregionsur.com\/index.php?rest_route=\/wp\/v2\/types\/post"}],"author":[{"embeddable":true,"href":"https:\/\/laregionsur.com\/index.php?rest_route=\/wp\/v2\/users\/1"}],"replies":[{"embeddable":true,"href":"https:\/\/laregionsur.com\/index.php?rest_route=%2Fwp%2Fv2%2Fcomments&post=3057"}],"version-history":[{"count":0,"href":"https:\/\/laregionsur.com\/index.php?rest_route=\/wp\/v2\/posts\/3057\/revisions"}],"wp:featuredmedia":[{"embeddable":true,"href":"https:\/\/laregionsur.com\/index.php?rest_route=\/"}],"wp:attachment":[{"href":"https:\/\/laregionsur.com\/index.php?rest_route=%2Fwp%2Fv2%2Fmedia&parent=3057"}],"wp:term":[{"taxonomy":"category","embeddable":true,"href":"https:\/\/laregionsur.com\/index.php?rest_route=%2Fwp%2Fv2%2Fcategories&post=3057"},{"taxonomy":"post_tag","embeddable":true,"href":"https:\/\/laregionsur.com\/index.php?rest_route=%2Fwp%2Fv2%2Ftags&post=3057"}],"curies":[{"name":"wp","href":"https:\/\/api.w.org\/{rel}","templated":true}]}}