{"id":3035,"date":"2022-05-20T10:17:39","date_gmt":"2022-05-20T10:17:39","guid":{"rendered":"https:\/\/laregionsur.com\/?p=3035"},"modified":"2022-05-20T10:17:39","modified_gmt":"2022-05-20T10:17:39","slug":"southern-peru-entrego-moderna-institucion-educativa-en-c-p-san-antonio-en-moquegua","status":"publish","type":"post","link":"https:\/\/laregionsur.com\/?p=3035","title":{"rendered":"SOUTHERN PER\u00da ENTREG\u00d3 MODERNA INSTITUCI\u00d3N  EDUCATIVA EN C. P. SAN ANTONIO EN MOQUEGUA"},"content":{"rendered":"<p>SOUTHERN PER\u00da ENTREG\u00d3 MODERNA INSTITUCI\u00d3N<\/p>\n<p>EDUCATIVA EN C. P. SAN ANTONIO EN MOQUEGUA<\/p>\n<p>&nbsp;<\/p>\n<p>Peri\u00f3dico Digital La Regi\u00f3n Sur 20 abril de 2022.- Alrededor de 800ni\u00f1os de la Instituci\u00f3n Educativa Inicial N\u00b0 346 del Centro Poblado San Antonio cuentan, con una infraestructura escolar totalmente renovada, pizarras interactivas y mobiliario moderno, gracias a un proyecto de mejoramiento ejecutado por Southern Per\u00fa, con una inversi\u00f3n superior a 6.6millones de soles.<\/p>\n<p>La\u00a0 nueva\u00a0 infraestructura\u00a0 fue inaugurada por\u00a0 el\u00a0 presidente\u00a0 ejecutivo de la\u00a0 compa\u00f1\u00eda,\u00a0 Ing.\u00a0 \u00d3scar Gonz\u00e1lez Rocha y el alcalde provincial Abraham C\u00e1rdenas Romero quien reconoci\u00f3 que su ejecuci\u00f3n era indispensable\u00a0 considerando\u00a0 las\u00a0 deficientes\u00a0 condiciones\u00a0 en\u00a0 las\u00a0 que\u00a0 estudiaban\u00a0 los\u00a0 menores, cuando comenz\u00f3 la instituci\u00f3n comenz\u00f3 a funcionar.<\/p>\n<p>\u201cPara m\u00ed ha sido un reto, porque he sido dirigente en San Antonio y hemos visto c\u00f3mo (la gente) se ha posesionado&#8230;era una zona accidentada&#8230; de aqu\u00ed (colegio) han salido ni\u00f1os que hac\u00edan uso de un silo, de\u00a0 una letrina, el agua potable\u00a0 se\u00a0 jalaba con mangueras. Hoy vemos con satisfacci\u00f3n una moderna infraestructura que\u00a0 tiene\u00a0 todas\u00a0 las\u00a0 comodidades&#8230;no tenemos nada que envidiara colegios\u00a0 de\u00a0 otras\u00a0 ciudades\u00a0 por\u00a0 eso\u00a0 mi\u00a0 agradecimiento\u00a0 a\u00a0 Southern\u00a0 que\u00a0 nos\u00a0 permiti\u00f3\u00a0 entrar\u00a0 en\u00a0 un espacio de di\u00e1logo y puso buenas pr\u00e1cticas de miner\u00eda responsable\u201d, coment\u00f3.<\/p>\n<p>La\u00a0 obra responde\u00a0 a\u00a0 un\u00a0 convenio\u00a0 suscrito\u00a0 con\u00a0 la\u00a0 Municipalidad\u00a0 Provincial\u00a0 de\u00a0 Mariscal\u00a0 Nieto\u00a0 y contempl\u00f3\u00a0 tres\u00a0 componentes: infraestructura, equipamiento\u00a0 y\u00a0 capacitaci\u00f3n docente. Respecto al primero se cuenta con un colegio totalmente renovado, que cuenta con m\u00f3dulos pedag\u00f3gicos, aulas para cada nivel, servicios administrativos, salones de psicomotricidad, \u00e1reas de recreaci\u00f3n y juego, sala de profesores, patio de honor, servicios higi\u00e9nicos, entre otros.<\/p>\n<p>En lo que\u00a0 respecta a equipamiento dispone\u00a0 de mobiliario, equipos y materiales educativos seg\u00fan los est\u00e1ndares normativos del nivel inicial. Adem\u00e1s, incluy\u00f3 un componente de capacitaci\u00f3n con 18 talleres\u00a0 dictados\u00a0 en\u00a0 favor\u00a0 de docentes\u00a0 y\u00a0 padres\u00a0 de\u00a0 familia\u00a0 en\u00a0 torno\u00a0 a\u00a0 gesti\u00f3n\u00a0 del\u00a0 servicio, diversificaci\u00f3n curricular, estimulaci\u00f3n y desarrollo de los ni\u00f1os, entre otros.<\/p>\n<p>El presidente\u00a0 ejecutivo de\u00a0 Southern\u00a0 Per\u00fa,\u00a0 Ing. \u00d3scar\u00a0 Gonz\u00e1lez\u00a0 Rocha destac\u00f3 el aporte\u00a0 que\u00a0 ha venido desarrollando la compa\u00f1\u00eda en este sector. \u201cPara Southern Per\u00fa, la educaci\u00f3n es uno de los principales ejes de intervenci\u00f3n social y lo hemos demostrado a trav\u00e9s de los a\u00f1os en nuestros frentes de trabajo y zonas de influencia. Impulsamos diversos programas y proyectos educativos y continuaremos haci\u00e9ndolo con el apoyo de todos los actores. Recordemos que el progreso requiere compromiso y unidad, pero tambi\u00e9n un clima de paz social que\u00a0 nos\u00a0 permita\u00a0 seguir\u00a0 produciendo,\u00a0 generar\u00a0 m\u00e1s\u00a0 recursos\u00a0 y\u00a0 avanzar\u00a0 con\u00a0 un\u00a0 mismo derrotero\u201d, dijo.<\/p>\n<p>En\u00a0 la\u00a0 misma\u00a0 l\u00ednea\u00a0 el\u00a0 alcalde\u00a0 C\u00e1rdenas reconoci\u00f3 la\u00a0 importancia\u00a0 de convivir con una\u00a0 miner\u00eda responsable. \u201cAutoridades,\u00a0 poblaci\u00f3n\u00a0 y\u00a0 dirigentes\u00a0 tenemos\u00a0 que\u00a0 ser\u00a0 dialogantes y tolerantes.\u00a0 Gracias\u00a0 al\u00a0 canon (minero) tenemos 1800 obreros trabajando en Moquegua, 22 obras por administraci\u00f3n directa, m\u00e1s de 110 millones de soles por canon y regal\u00edas&#8230; la Municipalidad de Moquegua recibe por Foncomun \u00a0solo 7 millones, \u00bfqu\u00e9 har\u00eda con 7 millones de soles, por eso no puede haber ac\u00e1 eso de que cierren las\u00a0 minas,\u00a0 pero\u00a0 quiero\u00a0 m\u00e1s\u00a0 canon.\u00a0 Tengo que dejar un\u00a0 mensaje claro,\u00a0 gracias al\u00a0 di\u00e1logo nuestros ni\u00f1os van a tener oportunidad de ser mejores\u201d, coment\u00f3.<\/p>\n<p>EL DATO<\/p>\n<p>OTROS DOS: A la I.E.I 346 del Centro Poblado San Antonio se suman otros dos colegios financiados tambi\u00e9n por Southern Per\u00fa: la I.E.I 323 del Fundo El Gramadal \u00a0y la I.E.I 358 de PJ Mariscal Nieto.<\/p>\n<p>&nbsp;<\/p>\n<p>&nbsp;<\/p>\n<p><img loading=\"lazy\" decoding=\"async\" class=\"alignnone size-medium wp-image-3038\" src=\"https:\/\/laregionsur.com\/wp-content\/uploads\/2022\/05\/IE-2-300x169.jpg\" alt=\"\" width=\"300\" height=\"169\" \/> <img loading=\"lazy\" decoding=\"async\" class=\"alignnone size-medium wp-image-3039\" src=\"https:\/\/laregionsur.com\/wp-content\/uploads\/2022\/05\/IE-3-300x200.jpg\" alt=\"\" width=\"300\" height=\"200\" \/> <img loading=\"lazy\" decoding=\"async\" class=\"alignnone size-medium wp-image-3040\" src=\"https:\/\/laregionsur.com\/wp-content\/uploads\/2022\/05\/IE-4-300x169.jpg\" alt=\"\" width=\"300\" height=\"169\" \/> <img loading=\"lazy\" decoding=\"async\" class=\"alignnone size-medium wp-image-3041\" src=\"https:\/\/laregionsur.com\/wp-content\/uploads\/2022\/05\/IE-5-300x200.jpg\" alt=\"\" width=\"300\" height=\"200\" \/> <img loading=\"lazy\" decoding=\"async\" class=\"alignnone size-medium wp-image-3042\" src=\"https:\/\/laregionsur.com\/wp-content\/uploads\/2022\/05\/IE-6-300x209.jpg\" alt=\"\" width=\"300\" height=\"209\" \/> <img loading=\"lazy\" decoding=\"async\" class=\"alignnone size-medium wp-image-3043\" src=\"https:\/\/laregionsur.com\/wp-content\/uploads\/2022\/05\/IE-1-1-300x198.jpg\" alt=\"\" width=\"300\" height=\"198\" \/> <img loading=\"lazy\" decoding=\"async\" class=\"alignnone size-medium wp-image-3044\" src=\"https:\/\/laregionsur.com\/wp-content\/uploads\/2022\/05\/IE-1-1-1-300x200.jpg\" alt=\"\" width=\"300\" height=\"200\" \/><\/p>\n<p>&nbsp;<\/p>\n","protected":false},"excerpt":{"rendered":"<p>SOUTHERN PER\u00da ENTREG\u00d3 MODERNA INSTITUCI\u00d3N EDUCATIVA EN C. P. SAN ANTONIO EN MOQUEGUA &nbsp; Peri\u00f3dico Digital La Regi\u00f3n Sur 20 abril de 2022.- Alrededor de 800ni\u00f1os de la Instituci\u00f3n Educativa Inicial N\u00b0 346 del Centro Poblado San Antonio cuentan, con una infraestructura escolar totalmente renovada, pizarras interactivas y mobiliario moderno, gracias a un proyecto de &hellip;<\/p>\n","protected":false},"author":1,"featured_media":3037,"comment_status":"open","ping_status":"open","sticky":false,"template":"","format":"standard","meta":{"footnotes":""},"categories":[56,39],"tags":[],"class_list":["post-3035","post","type-post","status-publish","format-standard","has-post-thumbnail","","category-finance","category-stock-market"],"_links":{"self":[{"href":"https:\/\/laregionsur.com\/index.php?rest_route=\/wp\/v2\/posts\/3035","targetHints":{"allow":["GET"]}}],"collection":[{"href":"https:\/\/laregionsur.com\/index.php?rest_route=\/wp\/v2\/posts"}],"about":[{"href":"https:\/\/laregionsur.com\/index.php?rest_route=\/wp\/v2\/types\/post"}],"author":[{"embeddable":true,"href":"https:\/\/laregionsur.com\/index.php?rest_route=\/wp\/v2\/users\/1"}],"replies":[{"embeddable":true,"href":"https:\/\/laregionsur.com\/index.php?rest_route=%2Fwp%2Fv2%2Fcomments&post=3035"}],"version-history":[{"count":0,"href":"https:\/\/laregionsur.com\/index.php?rest_route=\/wp\/v2\/posts\/3035\/revisions"}],"wp:featuredmedia":[{"embeddable":true,"href":"https:\/\/laregionsur.com\/index.php?rest_route=\/"}],"wp:attachment":[{"href":"https:\/\/laregionsur.com\/index.php?rest_route=%2Fwp%2Fv2%2Fmedia&parent=3035"}],"wp:term":[{"taxonomy":"category","embeddable":true,"href":"https:\/\/laregionsur.com\/index.php?rest_route=%2Fwp%2Fv2%2Fcategories&post=3035"},{"taxonomy":"post_tag","embeddable":true,"href":"https:\/\/laregionsur.com\/index.php?rest_route=%2Fwp%2Fv2%2Ftags&post=3035"}],"curies":[{"name":"wp","href":"https:\/\/api.w.org\/{rel}","templated":true}]}}