{"id":2921,"date":"2022-05-11T18:36:45","date_gmt":"2022-05-11T18:36:45","guid":{"rendered":"https:\/\/laregionsur.com\/?p=2921"},"modified":"2022-05-11T18:36:45","modified_gmt":"2022-05-11T18:36:45","slug":"southern-peru-y-sinfonia-por-el-peru-iniciaran-nuevo-ciclo-de-formacion-musical-en-torata","status":"publish","type":"post","link":"https:\/\/laregionsur.com\/?p=2921","title":{"rendered":"SOUTHERN PER\u00da Y SINFON\u00cdA POR EL PER\u00da INICIAR\u00c1N  NUEVO CICLO DE FORMACI\u00d3N MUSICAL EN TORATA"},"content":{"rendered":"<p>SOUTHERN PER\u00da Y SINFON\u00cdA POR EL PER\u00da INICIAR\u00c1N<\/p>\n<p>NUEVO CICLO DE FORMACI\u00d3N MUSICAL EN TORATA<\/p>\n<ul>\n<li>Convocatoria para ni\u00f1os, ni\u00f1as y j\u00f3venes de 8 a 15 a\u00f1os est\u00e1 abierta al p\u00fablico de la jurisdicci\u00f3n. Los talleres ser\u00e1n presenciales.<\/li>\n<\/ul>\n<p>&nbsp;<\/p>\n<p>Peri\u00f3dico Digital La Regi\u00f3n Sur 11 mayo 2022.- Sinfon\u00eda por el Per\u00fa, en alianza estrat\u00e9gica con Southern Per\u00fa, lanz\u00f3 una nueva convocatoria para la formaci\u00f3n musical de menores de 8 a 15 a\u00f1os del distrito de Torata, y que formar\u00e1n parte del primer elenco coral que tendr\u00e1 esta jurisdicci\u00f3n.<\/p>\n<p>&nbsp;<\/p>\n<p>Las inscripciones est\u00e1n abiertas y para este a\u00f1o se ha dispuesto un cupo de 60 vacantes para todo el distrito. A diferencia del 2021, los talleres de formaci\u00f3n musical se realizar\u00e1n de manera presencial y se dictar\u00e1n en la Casa del Adulto Mayor de Torata, respondiendo a un convenio suscrito recientemente por Sinfon\u00eda por el Per\u00fa y la Municipalidad distrital de Torata.<\/p>\n<p>&nbsp;<\/p>\n<p>El proyecto auspiciado por Southern Per\u00fa tiene como objetivo formar en educaci\u00f3n musical a los menores, as\u00ed como promover su desarrollo personal y ciudadano. A partir de dicha iniciativa se constituir\u00e1 el primer elenco coral del distrito. Los nuevos participantes se sumar\u00e1n al primer equipo que asisti\u00f3 a talleres virtuales en 2021.<\/p>\n<p>&nbsp;<\/p>\n<p>Las clases presenciales se realizar\u00e1n de lunes a viernes en horarios de tarde a fin de no interferir en las labores escolares, y estar\u00e1n a cargo del instructor de Sinfon\u00eda por el Per\u00fa Misael Arce, bajo la direcci\u00f3n de Janet Pilco. Los alumnos nuevos acceder\u00e1n a talleres en los que se incidir\u00e1 en formaci\u00f3n del lenguaje musical, t\u00e9cnicas vocales, t\u00e9cnicas de respiraci\u00f3n, t\u00e9cnica b\u00e1sica de canto, teor\u00eda musical, impostaci\u00f3n, respiraci\u00f3n correcta, entonaci\u00f3n auto perceptiva, ejercicios r\u00edtmicos, ejercicios mel\u00f3dicos, entre otros.<\/p>\n<p>&nbsp;<\/p>\n<p>As\u00ed mismo, se continuar\u00e1 trabajando con el grupo formado en 2021, en t\u00e9cnicas m\u00e1s avanzadas, dado que ellos asistir\u00e1n a una segunda etapa de formaci\u00f3n.<\/p>\n<p>&nbsp;<\/p>\n<p>Los interesados pueden solicitar informaci\u00f3n o inscribirse a trav\u00e9s de WhatsApp (939540907 y\/o 980741408). Tambi\u00e9n pueden escribir al correo modulo.torata@sinfon\u00edaporelperu.org<\/p>\n<p>&nbsp;<\/p>\n<p>Cabe mencionar que el m\u00f3dulo coral de Torata se sumar\u00e1 a otros grupos corales y elencos orquestales que dicha alianza viene implementando en otras localidades como la provincia de Ilo (Moquegua), las provincias de Candarave y Tacna (Tacna), la provincia de Islay (Arequipa) y Arequipa ciudad.<\/p>\n<p>&nbsp;<\/p>\n<p>DATOS<\/p>\n<p>SINFON\u00cdA:<\/p>\n<p>Sinfon\u00eda por el Per\u00fa es una organizaci\u00f3n sin fines de lucro liderada por el tenor peruano Juan Diego Fl\u00f3rez, que desde hace 10 a\u00f1os viene trabajando para brindar una educaci\u00f3n musical a ni\u00f1os, adolescentes y j\u00f3venes del Per\u00fa en situaci\u00f3n de vulnerabilidad.<\/p>\n<p>&nbsp;<\/p>\n<p>BENEFICIARIOS:<\/p>\n<p>El proyecto en la regi\u00f3n Sur del pa\u00eds, auspiciado por Southern Per\u00fa, beneficiar\u00e1 a 1300 ni\u00f1os en Arequipa ciudad, Mollendo (Islay), Tacna y Candarave (Tacna), Ilo y Torata (Moquegua).<\/p>\n<p>&nbsp;<\/p>\n<p>&nbsp;<\/p>\n<p><img loading=\"lazy\" decoding=\"async\" class=\"alignnone size-medium wp-image-2923\" src=\"https:\/\/laregionsur.com\/wp-content\/uploads\/2022\/05\/FOTOD-NOTAS-SPCC-300x174.jpg\" alt=\"\" width=\"300\" height=\"174\" \/> <img loading=\"lazy\" decoding=\"async\" class=\"alignnone size-medium wp-image-2924\" src=\"https:\/\/laregionsur.com\/wp-content\/uploads\/2022\/05\/FOTOS-NOTAS-SPCC-300x199.png\" alt=\"\" width=\"300\" height=\"199\" \/><img loading=\"lazy\" decoding=\"async\" class=\"alignnone size-medium wp-image-2925\" src=\"https:\/\/laregionsur.com\/wp-content\/uploads\/2022\/05\/FOTOS-NOTAS-SPCC-1-300x200.jpg\" alt=\"\" width=\"300\" height=\"200\" \/><\/p>\n","protected":false},"excerpt":{"rendered":"<p>SOUTHERN PER\u00da Y SINFON\u00cdA POR EL PER\u00da INICIAR\u00c1N NUEVO CICLO DE FORMACI\u00d3N MUSICAL EN TORATA Convocatoria para ni\u00f1os, ni\u00f1as y j\u00f3venes de 8 a 15 a\u00f1os est\u00e1 abierta al p\u00fablico de la jurisdicci\u00f3n. Los talleres ser\u00e1n presenciales. &nbsp; Peri\u00f3dico Digital La Regi\u00f3n Sur 11 mayo 2022.- Sinfon\u00eda por el Per\u00fa, en alianza estrat\u00e9gica con Southern &hellip;<\/p>\n","protected":false},"author":1,"featured_media":2922,"comment_status":"open","ping_status":"open","sticky":false,"template":"","format":"standard","meta":{"footnotes":""},"categories":[39,40],"tags":[],"class_list":["post-2921","post","type-post","status-publish","format-standard","has-post-thumbnail","","category-stock-market","category-nacionales"],"_links":{"self":[{"href":"https:\/\/laregionsur.com\/index.php?rest_route=\/wp\/v2\/posts\/2921","targetHints":{"allow":["GET"]}}],"collection":[{"href":"https:\/\/laregionsur.com\/index.php?rest_route=\/wp\/v2\/posts"}],"about":[{"href":"https:\/\/laregionsur.com\/index.php?rest_route=\/wp\/v2\/types\/post"}],"author":[{"embeddable":true,"href":"https:\/\/laregionsur.com\/index.php?rest_route=\/wp\/v2\/users\/1"}],"replies":[{"embeddable":true,"href":"https:\/\/laregionsur.com\/index.php?rest_route=%2Fwp%2Fv2%2Fcomments&post=2921"}],"version-history":[{"count":0,"href":"https:\/\/laregionsur.com\/index.php?rest_route=\/wp\/v2\/posts\/2921\/revisions"}],"wp:featuredmedia":[{"embeddable":true,"href":"https:\/\/laregionsur.com\/index.php?rest_route=\/"}],"wp:attachment":[{"href":"https:\/\/laregionsur.com\/index.php?rest_route=%2Fwp%2Fv2%2Fmedia&parent=2921"}],"wp:term":[{"taxonomy":"category","embeddable":true,"href":"https:\/\/laregionsur.com\/index.php?rest_route=%2Fwp%2Fv2%2Fcategories&post=2921"},{"taxonomy":"post_tag","embeddable":true,"href":"https:\/\/laregionsur.com\/index.php?rest_route=%2Fwp%2Fv2%2Ftags&post=2921"}],"curies":[{"name":"wp","href":"https:\/\/api.w.org\/{rel}","templated":true}]}}