{"id":2907,"date":"2022-05-11T04:15:20","date_gmt":"2022-05-11T04:15:20","guid":{"rendered":"https:\/\/laregionsur.com\/?p=2907"},"modified":"2022-05-11T04:15:20","modified_gmt":"2022-05-11T04:15:20","slug":"estampida-en-bancada-de-peru-libre-tras-eleccion-del-t-c","status":"publish","type":"post","link":"https:\/\/laregionsur.com\/?p=2907","title":{"rendered":"\u00abEstampida\u00bb en bancada de Peru  Libre tras elecci\u00f3n del T.C"},"content":{"rendered":"<p>\u00abEstampida\u00bb en bancada de Peru<\/p>\n<p>Libre tras elecci\u00f3n del T.C.<\/p>\n<p>&nbsp;<\/p>\n<ul>\n<li>Cinco congresistas renuncian a bancada de Peru Libre, Segundo Quiroz, Lucinda V\u00e1squez, Katy Ugarte Mamani, Francis Paredes y Germ\u00e1n Adolfo Tacuri y le seguir\u00edan diez m\u00e1s<\/li>\n<\/ul>\n<p>&nbsp;<\/p>\n<p>Peri\u00f3dico Digital La Regi\u00f3n Sur, 10 mayo 2022.- Como una estampida fue calificado la renuncia de cinco de sus integrantes de la bancada de Peru Libre, entre las que se conoce son de los congresistas, \u00a0Segundo Quiroz Barboza, Lucinda V\u00e1squez, Francis Jhasmina Paredes Castro, Katy Ugarte y Germ\u00e1n Adolfo Tacuri Valdivia, quien presentaron sus respectivas cartas de renuncia al grupo parlamentario, argumentando que lo hacen por razones de principios y de conciencia.<\/p>\n<p>La elecci\u00f3n de los seis nuevos magistrados del Tribunal Constitucional, en una sesi\u00f3n donde no hubo debate previo, ni se tom\u00f3 en cuenta los informes de Procuradur\u00eda \u00a0habr\u00eda sido la causa de que los parlamentarios dejaran el oficialismo.<\/p>\n<p>&nbsp;<\/p>\n<p>Ninguno de los renunciantes dieron explicaciones los motivos de su renuncia, salvo Quiroz y Tacuri quienes explicaron en sus cartas de renuncia, \u00a0que se alejan del oficialismo por \u201crazones de conciencia y principios\u201d y que en estos momentos dif\u00edciles el pa\u00eds necesita empat\u00eda con nuestro pueblo. Por su parte, Katy Ugarte fue m\u00e1s directa en su cr\u00edtica contra su ahora exagrupaci\u00f3n.<\/p>\n<p>Por su parte el vocero de Per\u00fa Libre, Waldemar Cerr\u00f3n, asegur\u00f3 que la bancada respald\u00f3 la elecci\u00f3n de los miembros del TC por la democracia, aunque reconoci\u00f3 que no todos hab\u00edan votado a favor dentro de la agrupaci\u00f3n.<\/p>\n<p>Por encima de cualquier inter\u00e9s mezquino, de cualquier inter\u00e9s personal, tiene que estar la institucionalidad de nuestro pa\u00eds y estamos decidiendo, eligiendo, no unos cu\u00e1ntos, es una gran mayor\u00eda y hay que aprender a respetar a la mayor\u00eda y a nuestra democracia.\u201d, expres\u00f3 Cerr\u00f3n ante la prensa una vez consumada la elecci\u00f3n.<\/p>\n<p>Alex Flores, miembro de Per\u00fa Libre, indic\u00f3 que averiguar\u00e1 lo sucedido con sus compa\u00f1eros y lament\u00f3 sus renuncias porque debilitan la bancada.<\/p>\n<p>\u00abEs su derecho. No s\u00e9 las razones, pero preocupa un poco que renuncien los compa\u00f1eros y averiguar\u00e9 por qu\u00e9 lo han hecho. Ellos son del sector del magisterio y hay una divergencia dentro del grupo, pero para renunciar habr\u00eda que darse un factor extremo\u00bb, manifest\u00f3. Con informaci\u00f3n de rpp.<\/p>\n","protected":false},"excerpt":{"rendered":"<p>\u00abEstampida\u00bb en bancada de Peru Libre tras elecci\u00f3n del T.C. &nbsp; Cinco congresistas renuncian a bancada de Peru Libre, Segundo Quiroz, Lucinda V\u00e1squez, Katy Ugarte Mamani, Francis Paredes y Germ\u00e1n Adolfo Tacuri y le seguir\u00edan diez m\u00e1s &nbsp; Peri\u00f3dico Digital La Regi\u00f3n Sur, 10 mayo 2022.- Como una estampida fue calificado la renuncia de cinco &hellip;<\/p>\n","protected":false},"author":1,"featured_media":2908,"comment_status":"open","ping_status":"open","sticky":false,"template":"","format":"standard","meta":{"footnotes":""},"categories":[40],"tags":[],"class_list":["post-2907","post","type-post","status-publish","format-standard","has-post-thumbnail","","category-nacionales"],"_links":{"self":[{"href":"https:\/\/laregionsur.com\/index.php?rest_route=\/wp\/v2\/posts\/2907","targetHints":{"allow":["GET"]}}],"collection":[{"href":"https:\/\/laregionsur.com\/index.php?rest_route=\/wp\/v2\/posts"}],"about":[{"href":"https:\/\/laregionsur.com\/index.php?rest_route=\/wp\/v2\/types\/post"}],"author":[{"embeddable":true,"href":"https:\/\/laregionsur.com\/index.php?rest_route=\/wp\/v2\/users\/1"}],"replies":[{"embeddable":true,"href":"https:\/\/laregionsur.com\/index.php?rest_route=%2Fwp%2Fv2%2Fcomments&post=2907"}],"version-history":[{"count":0,"href":"https:\/\/laregionsur.com\/index.php?rest_route=\/wp\/v2\/posts\/2907\/revisions"}],"wp:featuredmedia":[{"embeddable":true,"href":"https:\/\/laregionsur.com\/index.php?rest_route=\/"}],"wp:attachment":[{"href":"https:\/\/laregionsur.com\/index.php?rest_route=%2Fwp%2Fv2%2Fmedia&parent=2907"}],"wp:term":[{"taxonomy":"category","embeddable":true,"href":"https:\/\/laregionsur.com\/index.php?rest_route=%2Fwp%2Fv2%2Fcategories&post=2907"},{"taxonomy":"post_tag","embeddable":true,"href":"https:\/\/laregionsur.com\/index.php?rest_route=%2Fwp%2Fv2%2Ftags&post=2907"}],"curies":[{"name":"wp","href":"https:\/\/api.w.org\/{rel}","templated":true}]}}