{"id":2883,"date":"2022-05-08T11:50:52","date_gmt":"2022-05-08T11:50:52","guid":{"rendered":"https:\/\/laregionsur.com\/?p=2883"},"modified":"2022-05-08T11:50:52","modified_gmt":"2022-05-08T11:50:52","slug":"periodista-ecuatoriano-arremete-contra-chile-la-trampa-y-la-corrupcion-ha-sido-su-distincion","status":"publish","type":"post","link":"https:\/\/laregionsur.com\/?p=2883","title":{"rendered":"Periodista ecuatoriano arremete contra Chile:  \u201cla trampa y la corrupci\u00f3n ha sido su distinci\u00f3n\u201d"},"content":{"rendered":"<p>Periodista ecuatoriano arremete contra Chile:<\/p>\n<p>\u201cla trampa y la corrupci\u00f3n ha sido su distinci\u00f3n\u201d<\/p>\n<p>Peri\u00f3dico Digital, La Regi\u00f3n Sur 08 mayo-2022.- La molestia en Ecuador por la denuncia que Chile present\u00f3 ante la FIFA para investigar el caso de Byron Castillo alcanz\u00f3 uno de sus puntos m\u00e1ximos con la incendiaria columna del periodista Vito Mu\u00f1oz Ugarte. El tambi\u00e9n empresario no se contuvo en sus cr\u00edticas al f\u00fatbol chileno, al cual acus\u00f3 de estar hist\u00f3ricamente empa\u00f1ado por \u201cla trampa y la corrupci\u00f3n\u201d.<\/p>\n<p>\u201cAl f\u00fatbol chileno hay que incendiarlo\u201d, fue el titular del art\u00edculo que escribi\u00f3 para el portal Studio F\u00fatbol, a modo de parafraseo de una cita del exdirigente sure\u00f1o Juan Go\u00f1i sobre el balompi\u00e9 de su pa\u00eds. Mu\u00f1oz indic\u00f3 que el f\u00fatbol en la naci\u00f3n austral \u201cse ha manchado de verg\u00fcenza ante el mundo entero por d\u00e9cadas\u201d.<\/p>\n<p>\u201cSiempre la trampa y la corrupci\u00f3n ha sido la distinci\u00f3n del f\u00fatbol chileno\u201d, a\u00f1adi\u00f3 el periodista deportivo, quien realiz\u00f3 un repaso de los esc\u00e1ndalos m\u00e1s sonados de Chile en el f\u00fatbol internacional, como la sanci\u00f3n en las eliminatorias 1994 por el incidente del exportero Roberto \u2018C\u00f3ndor\u2019 Rojas, o la participaci\u00f3n de Sergio Jadue, expresidente de la ANFP, en el FIFA Gate.<\/p>\n<p>\u201cAhora sale Pablo Milad, presidente de la federaci\u00f3n chilena, que despu\u00e9s de reconocer su responsabilidad en la eliminaci\u00f3n de Chile del mundial quiere ganar tramposamente la clasificaci\u00f3n que perdieron en la cancha\u201d, contin\u00faa el comunicador, para luego sostener que \u201cla sinverg\u00fcencer\u00eda sigue siendo la eterna compa\u00f1era\u201d del f\u00fatbol chileno.<\/p>\n<p>MEDIOS CHILENOS SE ILUSIONAN CON POSIBLE CLASIFICACI\u00d3N AL MUNDIAL<\/p>\n<p>Seg\u00fan la prensa deportiva chilena, si la FIFA les da la raz\u00f3n en su reclamo por la nacionalidad de Byron Castillo, la Roja podr\u00eda asistir en lugar de la Tri al Mundial Qatar 2022. Por ello, varios medios empezaron a especular con un eventual fixture del equipo en la justa mundialista, aunque la simulaci\u00f3n que hizo el noticiero 24 horas se llev\u00f3 toda la atenci\u00f3n.<\/p>\n<p>Los presentadores del programa analizaron lo que ser\u00eda la participaci\u00f3n de Chile en el Grupo A, donde actualmente se ubica Ecuador, e incluso llegaron a deslizar que su selecci\u00f3n podr\u00eda jugar el partido inaugural del torneo frente al anfitri\u00f3n Qatar.<\/p>\n<p>ITALIA SIGUE EL CASO BYRON CASTILLO<\/p>\n<p>Seg\u00fan el diario Ol\u00e9 de Argentina, el cuadro europeo tendr\u00eda una peque\u00f1a posibilidad de acceder a la pr\u00f3xima cita mundialista. De acuerdo a este medio, si procede el reclamo contra Castillo, la FIFA podr\u00eda optar por darle el boleto para la Copa del Mundo al equipo que se encuentre mejor ubicado en el Ranking FIFA, el cual ser\u00eda la Azzurra. Fuente: La Republica.pe<\/p>\n","protected":false},"excerpt":{"rendered":"<p>Periodista ecuatoriano arremete contra Chile: \u201cla trampa y la corrupci\u00f3n ha sido su distinci\u00f3n\u201d Peri\u00f3dico Digital, La Regi\u00f3n Sur 08 mayo-2022.- La molestia en Ecuador por la denuncia que Chile present\u00f3 ante la FIFA para investigar el caso de Byron Castillo alcanz\u00f3 uno de sus puntos m\u00e1ximos con la incendiaria columna del periodista Vito Mu\u00f1oz &hellip;<\/p>\n","protected":false},"author":1,"featured_media":2884,"comment_status":"open","ping_status":"open","sticky":false,"template":"","format":"standard","meta":{"footnotes":""},"categories":[60,40],"tags":[],"class_list":["post-2883","post","type-post","status-publish","format-standard","has-post-thumbnail","","category-deportes","category-nacionales"],"_links":{"self":[{"href":"https:\/\/laregionsur.com\/index.php?rest_route=\/wp\/v2\/posts\/2883","targetHints":{"allow":["GET"]}}],"collection":[{"href":"https:\/\/laregionsur.com\/index.php?rest_route=\/wp\/v2\/posts"}],"about":[{"href":"https:\/\/laregionsur.com\/index.php?rest_route=\/wp\/v2\/types\/post"}],"author":[{"embeddable":true,"href":"https:\/\/laregionsur.com\/index.php?rest_route=\/wp\/v2\/users\/1"}],"replies":[{"embeddable":true,"href":"https:\/\/laregionsur.com\/index.php?rest_route=%2Fwp%2Fv2%2Fcomments&post=2883"}],"version-history":[{"count":0,"href":"https:\/\/laregionsur.com\/index.php?rest_route=\/wp\/v2\/posts\/2883\/revisions"}],"wp:featuredmedia":[{"embeddable":true,"href":"https:\/\/laregionsur.com\/index.php?rest_route=\/"}],"wp:attachment":[{"href":"https:\/\/laregionsur.com\/index.php?rest_route=%2Fwp%2Fv2%2Fmedia&parent=2883"}],"wp:term":[{"taxonomy":"category","embeddable":true,"href":"https:\/\/laregionsur.com\/index.php?rest_route=%2Fwp%2Fv2%2Fcategories&post=2883"},{"taxonomy":"post_tag","embeddable":true,"href":"https:\/\/laregionsur.com\/index.php?rest_route=%2Fwp%2Fv2%2Ftags&post=2883"}],"curies":[{"name":"wp","href":"https:\/\/api.w.org\/{rel}","templated":true}]}}