{"id":2852,"date":"2022-05-06T02:15:10","date_gmt":"2022-05-06T02:15:10","guid":{"rendered":"https:\/\/laregionsur.com\/?p=2852"},"modified":"2022-05-06T02:15:10","modified_gmt":"2022-05-06T02:15:10","slug":"se-instalo-mesa-de-dialogo-entre-comuneros-de-tumilaca-pocata-coscore-tala-y-southern-peru","status":"publish","type":"post","link":"https:\/\/laregionsur.com\/?p=2852","title":{"rendered":"Se instal\u00f3 Mesa de Di\u00e1logo entre comuneros de  Tumilaca, Pocata, Coscore, Tala y Southern Per\u00fa"},"content":{"rendered":"<p>Se instal\u00f3 Mesa de Di\u00e1logo entre comuneros de<\/p>\n<p>Tumilaca, Pocata, Coscore, Tala y Southern Per\u00fa<\/p>\n<ul>\n<li>Tambi\u00e9n estuvieron altos funcionarios de la empresa Southern.<\/li>\n<\/ul>\n<p>Peri\u00f3dico Digital La Regi\u00f3n Sur, 05 mayo-2022.- \u00a0Con la participaci\u00f3n del viceministro de Gobernanza Territorial, Jes\u00fas Quispe Arones, y el ministro de Energ\u00eda y Minas, Carlos Palacios P\u00e9rez, hoy se llev\u00f3 a cabo la instalaci\u00f3n de la Mesa de Di\u00e1logo para abordar la problem\u00e1tica existente entre la Comunidad Campesina de Tumilaca, Pocata, Coscore y Tala con la empresa minera Southern Per\u00fa, en el marco de la Resoluci\u00f3n de Secretar\u00eda de Gesti\u00f3n Social y Di\u00e1logo N\u00b0008-2022-PCM\/SGSD.<\/p>\n<p>&nbsp;<\/p>\n<p>\u201cEsperamos que este espacio sea un referente a nivel nacional de c\u00f3mo encontrar soluciones mediante el di\u00e1logo\u201d, afirm\u00f3 el viceministro de Gobernanza Territorial de la PCM, Jes\u00fas Quispe Aron\u00e9s durante la reuni\u00f3n desarrollada en el auditorio del Gobierno Regional de Moquegua.<\/p>\n<p>&nbsp;<\/p>\n<p>Las autoridades del Poder Ejecutivo, representantes de la comunidad campesina de Tumilaca, Pocata, Coscore y Tala y de la empresa Southern Per\u00fa firmaron un acta en la que tambi\u00e9n se acuerda hacer un seguimiento a las acciones de desistimiento de las acciones de di\u00e1logo que se identifiquen en el proceso de di\u00e1logo.<\/p>\n<p>Esta reuni\u00f3n fue liderada por el viceministro de Gobernanza Territorial de la PCM, Jes\u00fas Quispe; el ministro de Energ\u00eda y Minas, Carlos Palacios; la viceministra de Gesti\u00f3n Ambiental, Elizabeth Silvestre; y el viceministro de Derechos Humanos y Acceso a la Justicia, Guillermo Vargas.<\/p>\n<p>Por parte de la empresa Southern Peru\u00a0 tambi\u00e9n estuvieron Ra\u00fal Jacob Ruisanchez vicepresidente de Finanzas de Spcc, Felipe Gonzales,\u00a0 Gerente de Desarrollo Comunitario. Dar\u00edo Oviedo, Director de Asuntos Ambientales, Mario Alzamora Wilson, Gerente de Relaciones Laborales. Andr\u00e9s Ferrero, Gerente Legal.<br \/>\nCristian Gonzales Superintendente Legal, Paul Lostaunau Ramos Gerente de Comunicaciones, entre otros.<\/p>\n<p>Tambi\u00e9n estuvieron en la cita el director de la Direcci\u00f3n de Desarrollo de Comunidades Campesinas, Nativas y de Gesti\u00f3n Social del Ministerio de Desarrollo Agrario y Riego, Jorge V\u00e1squez; y el director regional de Energ\u00eda y Minas, Robert Carazas, en representaci\u00f3n del Gobernador Regional.<\/p>\n<p>Seg\u00fan la resoluci\u00f3n de la Secretar\u00eda de Gesti\u00f3n Social y Di\u00e1logo del Viceministerio de Gobernanza Territorial N\u00b0 008-2022-PCM\/ SGSD, publicada el 30 de abril de 2022, se dispone conformar esta Mesa de Di\u00e1logo, que hoy ya es una realidad.<\/p>\n<p>&nbsp;<\/p>\n<p>Asimismo, la resoluci\u00f3n determina la realizaci\u00f3n de un cronograma de actividades, en cumplimiento de las demandas planteadas por la comunidad campesina de Tumilaca, Pocata, Coscore y Tala en el acta de fecha 12 de febrero de 2022, entre otros temas de inter\u00e9s de las partes.<\/p>\n<p>En las reuniones previas, Southern Per\u00fa se comprometi\u00f3 a retirar las denuncias o cualquier acci\u00f3n legal o judicial interpuestas contra las comunidades y los comuneros. De igual forma, a gestionar, ante terceros, el retiro y desistimientos de otras acciones.<\/p>\n","protected":false},"excerpt":{"rendered":"<p>Se instal\u00f3 Mesa de Di\u00e1logo entre comuneros de Tumilaca, Pocata, Coscore, Tala y Southern Per\u00fa Tambi\u00e9n estuvieron altos funcionarios de la empresa Southern. Peri\u00f3dico Digital La Regi\u00f3n Sur, 05 mayo-2022.- \u00a0Con la participaci\u00f3n del viceministro de Gobernanza Territorial, Jes\u00fas Quispe Arones, y el ministro de Energ\u00eda y Minas, Carlos Palacios P\u00e9rez, hoy se llev\u00f3 a &hellip;<\/p>\n","protected":false},"author":1,"featured_media":2853,"comment_status":"open","ping_status":"open","sticky":false,"template":"","format":"standard","meta":{"footnotes":""},"categories":[39,40],"tags":[],"class_list":["post-2852","post","type-post","status-publish","format-standard","has-post-thumbnail","","category-stock-market","category-nacionales"],"_links":{"self":[{"href":"https:\/\/laregionsur.com\/index.php?rest_route=\/wp\/v2\/posts\/2852","targetHints":{"allow":["GET"]}}],"collection":[{"href":"https:\/\/laregionsur.com\/index.php?rest_route=\/wp\/v2\/posts"}],"about":[{"href":"https:\/\/laregionsur.com\/index.php?rest_route=\/wp\/v2\/types\/post"}],"author":[{"embeddable":true,"href":"https:\/\/laregionsur.com\/index.php?rest_route=\/wp\/v2\/users\/1"}],"replies":[{"embeddable":true,"href":"https:\/\/laregionsur.com\/index.php?rest_route=%2Fwp%2Fv2%2Fcomments&post=2852"}],"version-history":[{"count":0,"href":"https:\/\/laregionsur.com\/index.php?rest_route=\/wp\/v2\/posts\/2852\/revisions"}],"wp:featuredmedia":[{"embeddable":true,"href":"https:\/\/laregionsur.com\/index.php?rest_route=\/"}],"wp:attachment":[{"href":"https:\/\/laregionsur.com\/index.php?rest_route=%2Fwp%2Fv2%2Fmedia&parent=2852"}],"wp:term":[{"taxonomy":"category","embeddable":true,"href":"https:\/\/laregionsur.com\/index.php?rest_route=%2Fwp%2Fv2%2Fcategories&post=2852"},{"taxonomy":"post_tag","embeddable":true,"href":"https:\/\/laregionsur.com\/index.php?rest_route=%2Fwp%2Fv2%2Ftags&post=2852"}],"curies":[{"name":"wp","href":"https:\/\/api.w.org\/{rel}","templated":true}]}}