{"id":2843,"date":"2022-05-05T21:17:28","date_gmt":"2022-05-05T21:17:28","guid":{"rendered":"https:\/\/laregionsur.com\/?p=2843"},"modified":"2022-05-05T21:17:28","modified_gmt":"2022-05-05T21:17:28","slug":"con-recuros-del-canon-se-crearan-mas-filiales-de-universidades-licenciadas","status":"publish","type":"post","link":"https:\/\/laregionsur.com\/?p=2843","title":{"rendered":"Con recuros del canon se crear\u00e1n m\u00e1s  filiales de universidades licenciadas"},"content":{"rendered":"<p>Con recuros del canon se crear\u00e1n m\u00e1s<\/p>\n<p>filiales de universidades licenciadas<\/p>\n<ul>\n<li>Se aporb\u00f3 en la Comisi\u00f3n de Educaci\u00f3n<\/li>\n<\/ul>\n<p>Peri\u00f3dico Digital La Regi\u00f3n Sur, 05 mayo 2022.- \u00a0La Comisi\u00f3n de Educaci\u00f3n, Juventud y Deporte que preside el congresista Esdras Medina Minaya (Renovaci\u00f3n Popular) aprob\u00f3, con nueve votos a favor, cuatro en contra y dos abstenciones, el PL 0204\/2021-CR que \u00abincentiva la creaci\u00f3n de filiales de universidades p\u00fablicas licenciadas con fondos del canon\u00bb.<\/p>\n<p>&nbsp;<\/p>\n<p>El congresista (AP) Darwin Espinoza Vargas, quien es autor de la iniciativa, sostuvo que el objetivo de su propuesta de ley es modificar la Ley 30220 (Ley Universitaria) y las Leyes 27506, 24300 y 27763 (referidas al canon minero, hidroenerg\u00e9tico, gas\u00edfero, pesquero, forestal y petr\u00f3leo) \u00abpara incentivar una oferta educativa descentralizada y poder con ello mejorar la educaci\u00f3n universitaria p\u00fablica\u00bb.<\/p>\n<p>&nbsp;<\/p>\n<p>La modificaci\u00f3n de la Ley Universitaria permitir\u00e1 una adicional asignaci\u00f3n presupuestal a las universidades p\u00fablicas que actualmente solamente reciben recursos estatales para efectos de investigaci\u00f3n, de responsabilidad social, desarrollo del deporte, cumplimiento de objetivos de gesti\u00f3n y acreditaci\u00f3n de la calidad educativa, dijeron.<\/p>\n<p>&nbsp;<\/p>\n<p>La creaci\u00f3n, equipamiento y mantenimiento de filiales, se plantea con el objetivo de \u00abatender la demanda de educaci\u00f3n superior universitaria p\u00fablica de manera descentralizada, asegurando con ello las condiciones m\u00ednimas de calidad\u00bb, a\u00f1adieron.<\/p>\n<p>La iniciativa aprobada se\u00f1ala que \u00abtoda universidad p\u00fablica licenciada tiene derecho a concursar para la asignaci\u00f3n de fondos del Estado, o fondos especiales, para el desarrollo de programas, para la creaci\u00f3n, equipamiento y mantenimiento de filiales y proyectos de inter\u00e9s social\u00bb. \u00abLas universidades ubicadas en regiones con altos \u00edndices de extrema pobreza tienen preferente atenci\u00f3n para la asignaci\u00f3n de dichos fondos\u00bb, precisa.<\/p>\n<p>Para cumplir con el objetivo de incentivar la creaci\u00f3n de filiales de las universidades licenciadas se plantea modificar la Ley del Canon (N 27806) en su art\u00edculo 6, \u00abpara la utilizaci\u00f3n de dicho fondo en el control y ejecuci\u00f3n de los recursos correspondientes a los gobiernos locales, que a su vez est\u00e1n sujetos a lo dispuesto por la Ley Org\u00e1nica de Municipalidades\u00bb. con informacin de Energiminas<\/p>\n<p>&nbsp;<\/p>\n<p>&nbsp;<\/p>\n<p>&nbsp;<\/p>\n<p>&nbsp;<\/p>\n","protected":false},"excerpt":{"rendered":"<p>Con recuros del canon se crear\u00e1n m\u00e1s filiales de universidades licenciadas Se aporb\u00f3 en la Comisi\u00f3n de Educaci\u00f3n Peri\u00f3dico Digital La Regi\u00f3n Sur, 05 mayo 2022.- \u00a0La Comisi\u00f3n de Educaci\u00f3n, Juventud y Deporte que preside el congresista Esdras Medina Minaya (Renovaci\u00f3n Popular) aprob\u00f3, con nueve votos a favor, cuatro en contra y dos abstenciones, el &hellip;<\/p>\n","protected":false},"author":1,"featured_media":2844,"comment_status":"open","ping_status":"open","sticky":false,"template":"","format":"standard","meta":{"footnotes":""},"categories":[40],"tags":[],"class_list":["post-2843","post","type-post","status-publish","format-standard","has-post-thumbnail","","category-nacionales"],"_links":{"self":[{"href":"https:\/\/laregionsur.com\/index.php?rest_route=\/wp\/v2\/posts\/2843","targetHints":{"allow":["GET"]}}],"collection":[{"href":"https:\/\/laregionsur.com\/index.php?rest_route=\/wp\/v2\/posts"}],"about":[{"href":"https:\/\/laregionsur.com\/index.php?rest_route=\/wp\/v2\/types\/post"}],"author":[{"embeddable":true,"href":"https:\/\/laregionsur.com\/index.php?rest_route=\/wp\/v2\/users\/1"}],"replies":[{"embeddable":true,"href":"https:\/\/laregionsur.com\/index.php?rest_route=%2Fwp%2Fv2%2Fcomments&post=2843"}],"version-history":[{"count":0,"href":"https:\/\/laregionsur.com\/index.php?rest_route=\/wp\/v2\/posts\/2843\/revisions"}],"wp:featuredmedia":[{"embeddable":true,"href":"https:\/\/laregionsur.com\/index.php?rest_route=\/"}],"wp:attachment":[{"href":"https:\/\/laregionsur.com\/index.php?rest_route=%2Fwp%2Fv2%2Fmedia&parent=2843"}],"wp:term":[{"taxonomy":"category","embeddable":true,"href":"https:\/\/laregionsur.com\/index.php?rest_route=%2Fwp%2Fv2%2Fcategories&post=2843"},{"taxonomy":"post_tag","embeddable":true,"href":"https:\/\/laregionsur.com\/index.php?rest_route=%2Fwp%2Fv2%2Ftags&post=2843"}],"curies":[{"name":"wp","href":"https:\/\/api.w.org\/{rel}","templated":true}]}}