{"id":2817,"date":"2022-05-02T22:17:44","date_gmt":"2022-05-02T22:17:44","guid":{"rendered":"https:\/\/laregionsur.com\/?p=2817"},"modified":"2022-05-02T22:17:44","modified_gmt":"2022-05-02T22:17:44","slug":"despues-de-dos-anos-reabren-la-frontera-sur-del-peru","status":"publish","type":"post","link":"https:\/\/laregionsur.com\/?p=2817","title":{"rendered":"Despu\u00e9s de dos a\u00f1os reabren la frontera sur del Per\u00fa"},"content":{"rendered":"<p style=\"text-align: justify;\">Redacci\u00f3n Tacna.- Tuvieron que pasar m\u00e1s de dos a\u00f1os para que finalmente se reabra la frontera sur del Per\u00fa. La frontera no pod\u00eda estar cerrada por siempre el alg\u00fan momento se tenia que abrir y ese momento llego este 1 de mayo, luego de que el gobierno chileno postergara varias veces la apertura del paso Chacalluta, cientos de ciudadanos cruzaron la frontera para reencontrarse con sus familiares en ambas ciudades fronterizas de Tacna y Arica, luego de muchas deliberaciones entre ambos gobiernos, entre idas y vueltas finalmente este 1 de mayo los pasos fronterizos de Santa Rosa y Chacalluta a las 8 am. dieron el paso al libre tr\u00e1nsito entre ambos pa\u00edses, pero ojo esta vez se tienen que cumplir los protocolos sanitarios establecidos por los gobiernos de Chile y Per\u00fa para evitar un aumento de casos positivos de coronavirus.<\/p>\n<p><img loading=\"lazy\" decoding=\"async\" class=\"alignnone wp-image-2820 size-full\" src=\"https:\/\/laregionsur.com\/wp-content\/uploads\/2022\/05\/fronterasur.jpg\" alt=\"\" width=\"759\" height=\"347\" \/><\/p>\n<p style=\"text-align: justify;\">La mayor\u00eda de viajeros este 1 de mayo se di\u00f3 por motivos familiares, la reunificaci\u00f3n familiar era uno de los motivos por los cuales las personas buscaban cruzar la frontera de ambos pa\u00edses.<\/p>\n<p style=\"text-align: justify;\">Si bien es cierto que en el 2019 m\u00e1s de 7 millones de personas cruzaron la frontera, se espera que gradualmente se llegue a esta cifra.<\/p>\n","protected":false},"excerpt":{"rendered":"<p>Redacci\u00f3n Tacna.- Tuvieron que pasar m\u00e1s de dos a\u00f1os para que finalmente se reabra la frontera sur del Per\u00fa. La frontera no pod\u00eda estar cerrada por siempre el alg\u00fan momento se tenia que abrir y ese momento llego este 1 de mayo, luego de que el gobierno chileno postergara varias veces la apertura del paso &hellip;<\/p>\n","protected":false},"author":1,"featured_media":2818,"comment_status":"open","ping_status":"open","sticky":false,"template":"","format":"standard","meta":{"footnotes":""},"categories":[44],"tags":[],"class_list":["post-2817","post","type-post","status-publish","format-standard","has-post-thumbnail","","category-global-trade"],"_links":{"self":[{"href":"https:\/\/laregionsur.com\/index.php?rest_route=\/wp\/v2\/posts\/2817","targetHints":{"allow":["GET"]}}],"collection":[{"href":"https:\/\/laregionsur.com\/index.php?rest_route=\/wp\/v2\/posts"}],"about":[{"href":"https:\/\/laregionsur.com\/index.php?rest_route=\/wp\/v2\/types\/post"}],"author":[{"embeddable":true,"href":"https:\/\/laregionsur.com\/index.php?rest_route=\/wp\/v2\/users\/1"}],"replies":[{"embeddable":true,"href":"https:\/\/laregionsur.com\/index.php?rest_route=%2Fwp%2Fv2%2Fcomments&post=2817"}],"version-history":[{"count":0,"href":"https:\/\/laregionsur.com\/index.php?rest_route=\/wp\/v2\/posts\/2817\/revisions"}],"wp:featuredmedia":[{"embeddable":true,"href":"https:\/\/laregionsur.com\/index.php?rest_route=\/"}],"wp:attachment":[{"href":"https:\/\/laregionsur.com\/index.php?rest_route=%2Fwp%2Fv2%2Fmedia&parent=2817"}],"wp:term":[{"taxonomy":"category","embeddable":true,"href":"https:\/\/laregionsur.com\/index.php?rest_route=%2Fwp%2Fv2%2Fcategories&post=2817"},{"taxonomy":"post_tag","embeddable":true,"href":"https:\/\/laregionsur.com\/index.php?rest_route=%2Fwp%2Fv2%2Ftags&post=2817"}],"curies":[{"name":"wp","href":"https:\/\/api.w.org\/{rel}","templated":true}]}}