{"id":2773,"date":"2022-04-27T21:30:42","date_gmt":"2022-04-27T21:30:42","guid":{"rendered":"https:\/\/laregionsur.com\/?p=2773"},"modified":"2022-04-27T21:30:42","modified_gmt":"2022-04-27T21:30:42","slug":"por-que-el-jne-declaro-fundado-el-pedido-de-vacancia-contra-el-alcalde-de-lima","status":"publish","type":"post","link":"https:\/\/laregionsur.com\/?p=2773","title":{"rendered":"Por qu\u00e9 el JNE declar\u00f3 fundado el pedido  de vacancia contra el alcalde de Lima"},"content":{"rendered":"<p>&nbsp;<\/p>\n<p>Por qu\u00e9 el JNE declar\u00f3 fundado el pedido<\/p>\n<p>de vacancia contra el alcalde de Lima<\/p>\n<p>&nbsp;<\/p>\n<p>POR QU\u00c9 FUE VACADO JORGE MU\u00d1OZ DE LA ALCALD\u00cdA DE LIMA<\/p>\n<p>Peri\u00f3dico Digital La Regi\u00f3n Sur, 27 abril-2022.- Expertos en temas electorales explicaron en RPP Noticias las razones por las que el JNE decidi\u00f3 declarar fundado el pedido de vacancia contra el alcalde de Lima, Jorge Mu\u00f1oz.<\/p>\n<p>Jos\u00e9 Manuel Villalobos, experto en derecho electoral, explic\u00f3 en RPP Noticias que la vacancia de Jorge Mu\u00f1oz est\u00e1 sustentada en el hecho de que este integr\u00f3 el directorio de Sedapal en el a\u00f1o 2019, cuando ya se desempe\u00f1aba como autoridad edil.<\/p>\n<p>Mart\u00edn D&#8217;Azevedo, especialista en temas electorales y abogado del demandante, cont\u00f3 que la Ley de Elecciones Municipales precisa que no se puede ser alcalde si no se renuncia 6 meses antes a alguna de las funciones de los altos funcionarios del Estado o al directorio de una empresa del Estado. \u00abEso es en lo que incurri\u00f3 el se\u00f1or Mu\u00f1oz al entrar, a trav\u00e9s del Fonafe, al directorio de Sedapal, al asistir a sus sesiones y al haber cobrado las dietas respectivas\u00bb, sostuvo.<\/p>\n<p>Asimismo, D&#8217;Azevedo descart\u00f3 que el alcalde de Lima no supiera que estaba impedido de integrar el directorio de una empresa estatal, pues este cuenta con una larga trayectoria como funcionario municipal. \u00abEl se\u00f1or Mu\u00f1oz ha sido dos veces teniente alcalde de Fernando Andrade en la Municipalidad de Miraflores, ha sido gerente municipal en la Municipalidad de Miraflores, ha sido alcalde en la Municipalidad de Miraflores y es abogado, de modo que no se puede haber invocado el desconocimiento de la norma\u00bb, cont\u00f3.<\/p>\n<p>\u00bfSe puede revertir el fallo del JNE? Julio C\u00e9sar Castiglioni, experto en temas electorales, se\u00f1al\u00f3 que el fallo del Jurado Nacional de Elecciones (JNE) que declara fundada la vacancia de Jorge Mu\u00f1oz de la alcald\u00eda de Lima es inapelable porque \u00abya no hay instancia\u00bb.<\/p>\n<p>Jos\u00e9 Manuel Villalobos coincidi\u00f3 con Castiglioni e indic\u00f3 que la decisi\u00f3n del JNE es \u00abla \u00faltima y definitiva instancia\u00bb. \u00abJorge Mu\u00f1oz podr\u00eda interponer alguna acci\u00f3n de amparo pero tendr\u00eda que acreditar que el JNE ha violado el procedimiento y sus derechos, pero un amparo demora mucho, por lo tanto ser\u00eda resuelto cuando la gesti\u00f3n ha concluido y ha empezado otra\u00bb, apunt\u00f3. Fuente : rpp<\/p>\n<p>&nbsp;<\/p>\n","protected":false},"excerpt":{"rendered":"<p>&nbsp; Por qu\u00e9 el JNE declar\u00f3 fundado el pedido de vacancia contra el alcalde de Lima &nbsp; POR QU\u00c9 FUE VACADO JORGE MU\u00d1OZ DE LA ALCALD\u00cdA DE LIMA Peri\u00f3dico Digital La Regi\u00f3n Sur, 27 abril-2022.- Expertos en temas electorales explicaron en RPP Noticias las razones por las que el JNE decidi\u00f3 declarar fundado el pedido &hellip;<\/p>\n","protected":false},"author":1,"featured_media":2775,"comment_status":"open","ping_status":"open","sticky":false,"template":"","format":"standard","meta":{"footnotes":""},"categories":[40],"tags":[],"class_list":["post-2773","post","type-post","status-publish","format-standard","has-post-thumbnail","","category-nacionales"],"_links":{"self":[{"href":"https:\/\/laregionsur.com\/index.php?rest_route=\/wp\/v2\/posts\/2773","targetHints":{"allow":["GET"]}}],"collection":[{"href":"https:\/\/laregionsur.com\/index.php?rest_route=\/wp\/v2\/posts"}],"about":[{"href":"https:\/\/laregionsur.com\/index.php?rest_route=\/wp\/v2\/types\/post"}],"author":[{"embeddable":true,"href":"https:\/\/laregionsur.com\/index.php?rest_route=\/wp\/v2\/users\/1"}],"replies":[{"embeddable":true,"href":"https:\/\/laregionsur.com\/index.php?rest_route=%2Fwp%2Fv2%2Fcomments&post=2773"}],"version-history":[{"count":0,"href":"https:\/\/laregionsur.com\/index.php?rest_route=\/wp\/v2\/posts\/2773\/revisions"}],"wp:featuredmedia":[{"embeddable":true,"href":"https:\/\/laregionsur.com\/index.php?rest_route=\/"}],"wp:attachment":[{"href":"https:\/\/laregionsur.com\/index.php?rest_route=%2Fwp%2Fv2%2Fmedia&parent=2773"}],"wp:term":[{"taxonomy":"category","embeddable":true,"href":"https:\/\/laregionsur.com\/index.php?rest_route=%2Fwp%2Fv2%2Fcategories&post=2773"},{"taxonomy":"post_tag","embeddable":true,"href":"https:\/\/laregionsur.com\/index.php?rest_route=%2Fwp%2Fv2%2Ftags&post=2773"}],"curies":[{"name":"wp","href":"https:\/\/api.w.org\/{rel}","templated":true}]}}