{"id":2733,"date":"2022-04-24T03:39:13","date_gmt":"2022-04-24T03:39:13","guid":{"rendered":"https:\/\/laregionsur.com\/?p=2733"},"modified":"2022-04-24T03:39:13","modified_gmt":"2022-04-24T03:39:13","slug":"reinicio-de-operaciones-en-cuajone-sera-luego-se-repare-danos-ocasionados-por-comuneros","status":"publish","type":"post","link":"https:\/\/laregionsur.com\/?p=2733","title":{"rendered":"REINICIO DE OPERACIONES EN CUAJONE SERA LUEGO  SE REPARE DA\u00d1OS OCASIONADOS POR COMUNEROS"},"content":{"rendered":"<p>REINICIO DE OPERACIONES EN CUAJONE SERA LUEGO<\/p>\n<p>SE REPARE DA\u00d1OS OCASIONADOS POR COMUNEROS<\/p>\n<p>&nbsp;<\/p>\n<p>Peri\u00f3dico Digital La Regi\u00f3n Sur 23 ABRIL 2022.- Luego de haber tomado control del reservorio de agua que estaba en manos de los comuneros y haber constatado en el lugar de los hechos, los da\u00f1os ocasionados no solo a las instalaciones de la represa Vi\u00f1a Blanca, sino, a las v\u00edas de comunicaci\u00f3n como son la l\u00ednea f\u00e9rrea y las v\u00edas de acceso, por parte de las autoridades, de la Regi\u00f3n, por la magnitud de los da\u00f1os, y el tiempo que se requiere para devolverle la operatividad, se calcula que esta semana la empresa Southern reanudar\u00e1 las operaciones.<\/p>\n<p>Estos es lo que viene tras haberse firmado un acta de tregua de 15 d\u00edas, entre la comunidad campesina Tumilaca, Pocata, Coscore yTala y la empresa Southern Peru, donde los comuneros aceptaron iniciar el di\u00e1logo con la compa\u00f1\u00eda minera.<\/p>\n<p>Una vez decretado el estado de Emergencia en la Provincia de Mariscal Nieto, la polic\u00eda y los miembros de la comitiva de la Secretar\u00eda de Gesti\u00f3n Social y Di\u00e1logo, se hicieron presentes en el lugar para persuadir a los comuneros al peligro que se expon\u00edan de persistir estar en el lugar, ya que el estado de emergencia les restring\u00edan sus derechos civiles, se supo que ante eso la mayor\u00eda de comuneros desistieron continuar con la medida y abandonaron a los dirigentes que al verse solos no les quedaba dar tregua y emprendieron la retirada.<\/p>\n<p>Cabe se\u00f1alar que los da\u00f1os que se hicieron en las instalaciones de la represa y las v\u00edas de comunicaci\u00f3n son cuantiosas de manera que no solo era el recorte de agua de la represa sino, los da\u00f1os ocasionados a la represa, lo que hace presumir que la intensi\u00f3n de los comuneros habr\u00eda sido sabotear a la empresa, raz\u00f3n por la que la fiscal\u00eda debe iniciar las investigaciones para se\u00f1alar y denunciarlos a los responsable, por el delito de sabotaje, pese a que ya el principal dirigente Iv\u00e1n Mendoza se adelant\u00f3 se\u00f1alando que \u00e9l no sabe nada, rechazando las acusaciones.<\/p>\n<p>De esta manera ha llegado a su fin de manera moment\u00e1nea, este conflicto que ha mantenido a una poblaci\u00f3n de cinco mil familias sin agua, durado 56 d\u00edas, con la paralizaci\u00f3n de las operaciones mineras, causando grandes p\u00e9rdidas econ\u00f3micas al pa\u00eds y la p\u00e9rdida de m\u00e1s de 8.5 millones de soles en materia de canon que no son recuperables.<\/p>\n<p>&nbsp;<\/p>\n","protected":false},"excerpt":{"rendered":"<p>REINICIO DE OPERACIONES EN CUAJONE SERA LUEGO SE REPARE DA\u00d1OS OCASIONADOS POR COMUNEROS &nbsp; Peri\u00f3dico Digital La Regi\u00f3n Sur 23 ABRIL 2022.- Luego de haber tomado control del reservorio de agua que estaba en manos de los comuneros y haber constatado en el lugar de los hechos, los da\u00f1os ocasionados no solo a las instalaciones &hellip;<\/p>\n","protected":false},"author":1,"featured_media":2734,"comment_status":"open","ping_status":"open","sticky":false,"template":"","format":"standard","meta":{"footnotes":""},"categories":[56,39],"tags":[],"class_list":["post-2733","post","type-post","status-publish","format-standard","has-post-thumbnail","","category-finance","category-stock-market"],"_links":{"self":[{"href":"https:\/\/laregionsur.com\/index.php?rest_route=\/wp\/v2\/posts\/2733","targetHints":{"allow":["GET"]}}],"collection":[{"href":"https:\/\/laregionsur.com\/index.php?rest_route=\/wp\/v2\/posts"}],"about":[{"href":"https:\/\/laregionsur.com\/index.php?rest_route=\/wp\/v2\/types\/post"}],"author":[{"embeddable":true,"href":"https:\/\/laregionsur.com\/index.php?rest_route=\/wp\/v2\/users\/1"}],"replies":[{"embeddable":true,"href":"https:\/\/laregionsur.com\/index.php?rest_route=%2Fwp%2Fv2%2Fcomments&post=2733"}],"version-history":[{"count":0,"href":"https:\/\/laregionsur.com\/index.php?rest_route=\/wp\/v2\/posts\/2733\/revisions"}],"wp:featuredmedia":[{"embeddable":true,"href":"https:\/\/laregionsur.com\/index.php?rest_route=\/"}],"wp:attachment":[{"href":"https:\/\/laregionsur.com\/index.php?rest_route=%2Fwp%2Fv2%2Fmedia&parent=2733"}],"wp:term":[{"taxonomy":"category","embeddable":true,"href":"https:\/\/laregionsur.com\/index.php?rest_route=%2Fwp%2Fv2%2Fcategories&post=2733"},{"taxonomy":"post_tag","embeddable":true,"href":"https:\/\/laregionsur.com\/index.php?rest_route=%2Fwp%2Fv2%2Ftags&post=2733"}],"curies":[{"name":"wp","href":"https:\/\/api.w.org\/{rel}","templated":true}]}}