{"id":2699,"date":"2022-04-22T11:53:05","date_gmt":"2022-04-22T11:53:05","guid":{"rendered":"https:\/\/laregionsur.com\/?p=2699"},"modified":"2022-04-22T11:53:05","modified_gmt":"2022-04-22T11:53:05","slug":"comuneros-tras-medidas-de-emergencia-dan-tregua-de-15-dias-y-firman-acta","status":"publish","type":"post","link":"https:\/\/laregionsur.com\/?p=2699","title":{"rendered":"COMUNEROS TRAS MEDIDAS DE EMERGENCIA  DAN TREGUA DE 15 DIAS Y FIRMAN ACTA"},"content":{"rendered":"<p>COMUNEROS TRAS MEDIDAS DE EMERGENCIA<\/p>\n<p>DAN TREGUA DE 15 DIAS Y FIRMAN ACTA<\/p>\n<p>&nbsp;<\/p>\n<p>Peri\u00f3dico Digital La Regi\u00f3n Sur 22 abril 2022.- Tuvo que haber una medida de fuerza de parte del gobierno, como el Decreto Supremo que declara en Emergencia la provincia de Mariscal Nieto para que finalmente los comuneros, dieran su brazo a torcer, acordando dar tregua de 15 d\u00edas para instalar una mesa de di\u00e1logo y discutir los problemas de las comunidades.<\/p>\n<p>A ese acuerdo llegaron la noche de ayer, al promediar las 08H10 pm tras haberse constado en el lugar el estado en que se encontraban los comuneros, y luego de escuchar al comit\u00e9 de conflictos de la regi\u00f3n Moquegua, integrados por los representantes de la SGDS PCM, Prefectura, MIDAGRI y PNP, quienes llegaron hasta la zona de vi\u00f1a blanca para disuadirlos sobre los alcances del decreto de Emergencia, lograron llegar a un acuerdo y dar tregua a las medidas que la comunidad Campesina de Tumilaca, Pocata Coscore y Tala. vienen realizando en perjudico de m\u00e1s de cinco mil familias y 2500 trabajadores.<\/p>\n<p>Asimismo se pudo constatar que en el momento de la firma del acta ya la mayor parte de los comuneros se hab\u00edan retirado del lugar, al tener conocimiento de la medida de Emergencia dictada por el Gobierno, quedando solo un 30 por ciento aproximadamente, del total de comuneros que se manten\u00edan en el lugar.<\/p>\n<p>EN EL ACTA SE INDICA LO SIGUIENTE<\/p>\n<p>El acta que se firm\u00f3 fue con la presencia \u00a0de los representantes de la SGDS PCM, Prefectura, MIDAGRI y la Polic\u00eda Nacional, quienes se hicieron presentes en el lugar para, por medio del di\u00e1logo lograr persuadirlos de las medidas de Emergencia llegando a los siguientes acuerdos:<\/p>\n<ol>\n<li>La comunidad Campesina levanta las medidas tomadas en calidad de tregua, proponen por 15 d\u00edas<\/li>\n<li>Las condiciones en la v\u00eda f\u00e9rrea de Cocotea y el reservorio de Vi\u00f1a Blanca, vuelven a ser como antes en cuanto al uso.<\/li>\n<li>La empresa minera desistir\u00e1 de las demandas, tal como se acord\u00f3 en el acta del 12 de abril .<\/li>\n<\/ol>\n<p>Firmando un acta, dando conformidad de lo constatado por los miembros del comit\u00e9 y Representantes de la comunidad. (informaci\u00f3n preliminar).<\/p>\n","protected":false},"excerpt":{"rendered":"<p>COMUNEROS TRAS MEDIDAS DE EMERGENCIA DAN TREGUA DE 15 DIAS Y FIRMAN ACTA &nbsp; Peri\u00f3dico Digital La Regi\u00f3n Sur 22 abril 2022.- Tuvo que haber una medida de fuerza de parte del gobierno, como el Decreto Supremo que declara en Emergencia la provincia de Mariscal Nieto para que finalmente los comuneros, dieran su brazo a &hellip;<\/p>\n","protected":false},"author":1,"featured_media":2703,"comment_status":"open","ping_status":"open","sticky":false,"template":"","format":"standard","meta":{"footnotes":""},"categories":[56,39,40],"tags":[],"class_list":["post-2699","post","type-post","status-publish","format-standard","has-post-thumbnail","","category-finance","category-stock-market","category-nacionales"],"_links":{"self":[{"href":"https:\/\/laregionsur.com\/index.php?rest_route=\/wp\/v2\/posts\/2699","targetHints":{"allow":["GET"]}}],"collection":[{"href":"https:\/\/laregionsur.com\/index.php?rest_route=\/wp\/v2\/posts"}],"about":[{"href":"https:\/\/laregionsur.com\/index.php?rest_route=\/wp\/v2\/types\/post"}],"author":[{"embeddable":true,"href":"https:\/\/laregionsur.com\/index.php?rest_route=\/wp\/v2\/users\/1"}],"replies":[{"embeddable":true,"href":"https:\/\/laregionsur.com\/index.php?rest_route=%2Fwp%2Fv2%2Fcomments&post=2699"}],"version-history":[{"count":0,"href":"https:\/\/laregionsur.com\/index.php?rest_route=\/wp\/v2\/posts\/2699\/revisions"}],"wp:featuredmedia":[{"embeddable":true,"href":"https:\/\/laregionsur.com\/index.php?rest_route=\/"}],"wp:attachment":[{"href":"https:\/\/laregionsur.com\/index.php?rest_route=%2Fwp%2Fv2%2Fmedia&parent=2699"}],"wp:term":[{"taxonomy":"category","embeddable":true,"href":"https:\/\/laregionsur.com\/index.php?rest_route=%2Fwp%2Fv2%2Fcategories&post=2699"},{"taxonomy":"post_tag","embeddable":true,"href":"https:\/\/laregionsur.com\/index.php?rest_route=%2Fwp%2Fv2%2Ftags&post=2699"}],"curies":[{"name":"wp","href":"https:\/\/api.w.org\/{rel}","templated":true}]}}