{"id":2667,"date":"2022-04-21T04:24:37","date_gmt":"2022-04-21T04:24:37","guid":{"rendered":"https:\/\/laregionsur.com\/?p=2667"},"modified":"2022-04-21T04:24:37","modified_gmt":"2022-04-21T04:24:37","slug":"avanzan-gestiones-para-la-reapertura-de-frontera-sur","status":"publish","type":"post","link":"https:\/\/laregionsur.com\/?p=2667","title":{"rendered":"Avanzan gestiones para la reapertura de frontera sur"},"content":{"rendered":"<p style=\"text-align: justify;\">Despu\u00e9s de casi dos a\u00f1os de estar cerrada la frontera, Tacna y Arica se preparan para la pr\u00f3xima reapertura de la frontera sur por el paso de Chacalluta, comerciantes, transportistas, turistas, servicios, restaurantes se preparan en Tacna para esta tan esperada reapertura de la frontera sur. Autoridades de ambos pa\u00edses finiquitan detalles normas y controles sanitarios.<\/p>\n<p style=\"text-align: justify;\">Por su parte en el lado chileno, autoridades regionales llegaron al control de Chacalluta para verificar y todo quede expedito en proceso de reapertura de las fronteras terrestres para el tr\u00e1nsito de personas que se concretar\u00e1 finalmente este 1 de mayo.<\/p>\n<p style=\"text-align: justify;\">Las autoridades chilenas manifestaron que necesitaban generar las condiciones para retomar les funciones que tiene este complejo fronterizo, que permita el ingreso y la salida entre ambos paises se haga cumpliendo con todos los requisitos legales, a los que hoy tambi\u00e9n se suman los requisitos sanitarios de control y prevenci\u00f3n.<\/p>\n<p style=\"text-align: justify;\"><strong>MEDIDAS SANITARIAS<\/strong><br \/>\nCon respecto a\u00a0 los controles sanitarios. indicaron que es esencial el pase de movilidad para poder salir entrar al pais y todos los requerimientos que hay en general para los nacionales extranjeros. De forma paralela, necesitamos aumentar la cobertura de vacunaci\u00f3n contra el Covid-19 e insistir en la vacuna de refuerzo.<\/p>\n<p style=\"text-align: justify;\"><strong>TRANSPORTE<\/strong><br \/>\nSe revisar\u00e1 que los protocolos para la operatividad del Terminal Internacional. En ese sentido, se llama a la poblaci\u00f3n y usuarios es a respetar estos protocolos de Ingreso y salida, utilizar el transporte que se encuentra regulado, evitemos el transporte pirata.<\/p>\n","protected":false},"excerpt":{"rendered":"<p>Despu\u00e9s de casi dos a\u00f1os de estar cerrada la frontera, Tacna y Arica se preparan para la pr\u00f3xima reapertura de la frontera sur por el paso de Chacalluta, comerciantes, transportistas, turistas, servicios, restaurantes se preparan en Tacna para esta tan esperada reapertura de la frontera sur. Autoridades de ambos pa\u00edses finiquitan detalles normas y controles &hellip;<\/p>\n","protected":false},"author":1,"featured_media":2668,"comment_status":"open","ping_status":"open","sticky":false,"template":"","format":"standard","meta":{"footnotes":""},"categories":[44],"tags":[],"class_list":["post-2667","post","type-post","status-publish","format-standard","has-post-thumbnail","","category-global-trade"],"_links":{"self":[{"href":"https:\/\/laregionsur.com\/index.php?rest_route=\/wp\/v2\/posts\/2667","targetHints":{"allow":["GET"]}}],"collection":[{"href":"https:\/\/laregionsur.com\/index.php?rest_route=\/wp\/v2\/posts"}],"about":[{"href":"https:\/\/laregionsur.com\/index.php?rest_route=\/wp\/v2\/types\/post"}],"author":[{"embeddable":true,"href":"https:\/\/laregionsur.com\/index.php?rest_route=\/wp\/v2\/users\/1"}],"replies":[{"embeddable":true,"href":"https:\/\/laregionsur.com\/index.php?rest_route=%2Fwp%2Fv2%2Fcomments&post=2667"}],"version-history":[{"count":0,"href":"https:\/\/laregionsur.com\/index.php?rest_route=\/wp\/v2\/posts\/2667\/revisions"}],"wp:featuredmedia":[{"embeddable":true,"href":"https:\/\/laregionsur.com\/index.php?rest_route=\/"}],"wp:attachment":[{"href":"https:\/\/laregionsur.com\/index.php?rest_route=%2Fwp%2Fv2%2Fmedia&parent=2667"}],"wp:term":[{"taxonomy":"category","embeddable":true,"href":"https:\/\/laregionsur.com\/index.php?rest_route=%2Fwp%2Fv2%2Fcategories&post=2667"},{"taxonomy":"post_tag","embeddable":true,"href":"https:\/\/laregionsur.com\/index.php?rest_route=%2Fwp%2Fv2%2Ftags&post=2667"}],"curies":[{"name":"wp","href":"https:\/\/api.w.org\/{rel}","templated":true}]}}