{"id":2417,"date":"2022-04-08T15:01:11","date_gmt":"2022-04-08T15:01:11","guid":{"rendered":"https:\/\/laregionsur.com\/?p=2417"},"modified":"2022-04-08T15:01:11","modified_gmt":"2022-04-08T15:01:11","slug":"anibal-torres-en-la-picota-por-elogiar-al-genocida-adolfo-hitler","status":"publish","type":"post","link":"https:\/\/laregionsur.com\/?p=2417","title":{"rendered":"An\u00edbal Torres en la picota por  elogiar al genocida Adolfo Hitler"},"content":{"rendered":"<p>An\u00edbal Torres en la picota por<\/p>\n<p>elogiar al genocida Adolfo Hitler<\/p>\n<p>&nbsp;<\/p>\n<ul>\n<li>Lo interpelar\u00e1n por poner como referente del desarrollo<\/li>\n<\/ul>\n<p>Peri\u00f3dico Digital La Regi\u00f3n Sur 08 abril-2022.- Un tremendo error m\u00e1s de los otros que ya cometi\u00f3, \u00a0lo llev\u00f3 al \u00a0borde de la interpelaci\u00f3n, al primer ministro An\u00edbal Torres, quien el mi\u00e9rcoles pasado en una entrevista con Blu Radio de Colombia dej\u00f3 mal parado al Gobierno de Pedro Castillo al no descartar que el presidente vaya a renunciar, nuevamente ayer en el marco de la sesi\u00f3n descentralizada del pleno del consejo de ministros en Jun\u00edn, volvi\u00f3 a cometer una imprudencia al ponerlo como \u00a0referente al genocida nazi Adolfo Hitler como un ejemplo de desarrollo ante los dirigentes huanca\u00ednos en el Coliseo Wanka.<\/p>\n<p>SUS EXPRESIONES GENERARON REVUELO.<\/p>\n<p>Las reacciones no se hizo esperar porque horas despu\u00e9s, la Embajada de Alemania en Lima conden\u00f3 las afirmaciones del jefe del gabinete, mediante un comunicado que \u201cAdolfo Hitler fue un dictador fascista y genocida, en cuyo nombre se llev\u00f3 a cabo desde Alemania la peor guerra de todos los tiempos y se cometi\u00f3 un genocidio de 6 millones de jud\u00edos\u201d, se\u00f1al\u00f3 el comunicado de esta instituci\u00f3n.<\/p>\n<p>Posteriormente, la Asociaci\u00f3n Jud\u00eda del Per\u00fa se pronunci\u00f3 en la misma l\u00ednea. \u201cRechazamos tajantemente las declaraciones del presidente del Consejo de Ministros, An\u00edbal Torres, sobre el genocida y dictador Adolfo Hitler. Expresiones as\u00ed reflejan el profundo desconocimiento de la historia y muestran desprecio por las millones de v\u00edctimas que origin\u00f3 el nazismo\u201d, enfatiz\u00f3 esta comunidad.<\/p>\n<p>No es la primera vez que el primer ministro evoca al dictador nazi. El 18 de marzo, en Cusco, durante el Primer Encuentro de Mancomunidades, dijo esto: \u201c\u00bfNo fue Adolfo Hitler quien convirti\u00f3 en potencial mundial a Alemania? Fue \u00e9l\u201d.<\/p>\n<p>CONTEXTO HIST\u00d3RICO<\/p>\n<p>De hecho, Torres se equivoc\u00f3. Seg\u00fan la agencia alemana Deutsche Welle (DW), la primera autopista en dicho pa\u00eds fue inaugurada por el alcalde de Colonia, Konrad Adenauer. Fue una v\u00eda de 20 kil\u00f3metros hasta el distrito de Bonn. Sin embargo, la propaganda nazi tergivers\u00f3 la historia para se\u00f1alar que esta carretera solo era regional y que la primera autopista fue construida en el gobierno de Hitler.<\/p>\n<p>\u201cHasta hoy se mantiene la idea de que la autopista fue un invento del nacionalsocialismo y que con su construcci\u00f3n se redujo el desempleo masivo que hab\u00eda en Alemania. Se trata de una mentira hist\u00f3rica\u201d, sostiene un art\u00edculo de DW.<\/p>\n<p>ALVA APROVECHA TRASPI\u00c9<\/p>\n<p>La presidenta del Congreso, Mar\u00eda del Carmen Alva, tambi\u00e9n declar\u00f3 contra el discurso del jefe del gabinete. \u201cLo dicho por el premier An\u00edbal Torres, elogiando al genocida Hitler, ha ofendido a los miles de peruanos que esperan respuestas claras desde el Gobierno. Le exijo al Ejecutivo sensatez para dirigirse a nuestro pueblo y generar decisiones concretas ante esta dura crisis\u201d, public\u00f3 en Twitter.<\/p>\n<p>Horas previas, la titular de la Mesa Directiva hab\u00eda invocado nuevamente al presidente Pedro Castillo a renunciar al cargo. Alva considera que esa \u2014la renuncia\u2014 es la \u00fanica salida a la constante turbulencia pol\u00edtica y social que afronta el pa\u00eds. Y sobre todo porque es imposible que el Parlamento, en estas circunstancias, pueda vacarlo.<\/p>\n<p>\u201cCon las tres bancadas de izquierda (Per\u00fa Libre, Per\u00fa Democr\u00e1tico y Juntos por el Per\u00fa) ya bloquea la posibilidad de la vacancia. La \u00fanica salida por ahora es la renuncia. La vicepresidenta Boluarte debe asumir\u201d, demand\u00f3.<\/p>\n<p>Per\u00fa Libre, Per\u00fa Democr\u00e1tico y JP son agrupaciones que en el Congreso tienen 44 congresistas. Con ese n\u00famero es suficiente para impedir una destituci\u00f3n presidencial.<\/p>\n<p>En horas de la noche hab\u00eda ingresado una moci\u00f3n de la congresista de Avanza Pa\u00eds Yessica Amuruz hab\u00eda para exhortar a Castillo a renunciar. Alva de manera acelerada hab\u00eda aceptado someter este pedido en la agenda del Pleno del Congreso. Con in formaci\u00f3n de La Rep\u00falica.pe<\/p>\n","protected":false},"excerpt":{"rendered":"<p>An\u00edbal Torres en la picota por elogiar al genocida Adolfo Hitler &nbsp; Lo interpelar\u00e1n por poner como referente del desarrollo Peri\u00f3dico Digital La Regi\u00f3n Sur 08 abril-2022.- Un tremendo error m\u00e1s de los otros que ya cometi\u00f3, \u00a0lo llev\u00f3 al \u00a0borde de la interpelaci\u00f3n, al primer ministro An\u00edbal Torres, quien el mi\u00e9rcoles pasado en una &hellip;<\/p>\n","protected":false},"author":1,"featured_media":2418,"comment_status":"open","ping_status":"open","sticky":false,"template":"","format":"standard","meta":{"footnotes":""},"categories":[40],"tags":[],"class_list":["post-2417","post","type-post","status-publish","format-standard","has-post-thumbnail","","category-nacionales"],"_links":{"self":[{"href":"https:\/\/laregionsur.com\/index.php?rest_route=\/wp\/v2\/posts\/2417","targetHints":{"allow":["GET"]}}],"collection":[{"href":"https:\/\/laregionsur.com\/index.php?rest_route=\/wp\/v2\/posts"}],"about":[{"href":"https:\/\/laregionsur.com\/index.php?rest_route=\/wp\/v2\/types\/post"}],"author":[{"embeddable":true,"href":"https:\/\/laregionsur.com\/index.php?rest_route=\/wp\/v2\/users\/1"}],"replies":[{"embeddable":true,"href":"https:\/\/laregionsur.com\/index.php?rest_route=%2Fwp%2Fv2%2Fcomments&post=2417"}],"version-history":[{"count":0,"href":"https:\/\/laregionsur.com\/index.php?rest_route=\/wp\/v2\/posts\/2417\/revisions"}],"wp:featuredmedia":[{"embeddable":true,"href":"https:\/\/laregionsur.com\/index.php?rest_route=\/"}],"wp:attachment":[{"href":"https:\/\/laregionsur.com\/index.php?rest_route=%2Fwp%2Fv2%2Fmedia&parent=2417"}],"wp:term":[{"taxonomy":"category","embeddable":true,"href":"https:\/\/laregionsur.com\/index.php?rest_route=%2Fwp%2Fv2%2Fcategories&post=2417"},{"taxonomy":"post_tag","embeddable":true,"href":"https:\/\/laregionsur.com\/index.php?rest_route=%2Fwp%2Fv2%2Ftags&post=2417"}],"curies":[{"name":"wp","href":"https:\/\/api.w.org\/{rel}","templated":true}]}}