{"id":2380,"date":"2022-04-06T00:50:27","date_gmt":"2022-04-06T00:50:27","guid":{"rendered":"https:\/\/laregionsur.com\/?p=2380"},"modified":"2022-04-06T00:50:27","modified_gmt":"2022-04-06T00:50:27","slug":"pedro-castillo-deja-sin-efecto-el-toque-de-queda-en-lima-y-callao","status":"publish","type":"post","link":"https:\/\/laregionsur.com\/?p=2380","title":{"rendered":"Pedro Castillo deja sin efecto el  toque de queda en Lima y Callao"},"content":{"rendered":"<p>Pedro Castillo deja sin efecto el<\/p>\n<p>toque de queda en Lima y Callao<\/p>\n<p>&nbsp;<\/p>\n<p>El presidente de la Rep\u00fablica indic\u00f3 que esta medida ha sido levantada tras reunirse con congresistas.<\/p>\n<p>Peri\u00f3dico Digital La Regi\u00f3n Sur, 05 abril-2022.- Luego de anunciar que Lima y Callao tendr\u00edan que acatar un toque de queda por las protestas a nivel nacional, el presidente Pedro Castillo dej\u00f3 sin efecto esta medida.<\/p>\n<p>\u201cDesde este momento, vamos a dejar sin efecto esta orden de inamovilidad que corresponde a llamar a la tranquilidad al pueblo peruano\u201d, dijo durante la reuni\u00f3n en el Congreso.<\/p>\n<p>La autoridad del pa\u00eds tambi\u00e9n precis\u00f3 que el hecho de que las personas tengan el derecho de la libre protesta no quiere decir que el Estado avalar\u00e1 actitudes incorrectas.<\/p>\n<p>&nbsp;<\/p>\n<p>\u201cEl Estado no va a avalar algunas actitudes que van m\u00e1s all\u00e1 de lo constitucional, como el bloqueo de carreteras, apedrear viviendas, quemar llantas..\u201d, recalc\u00f3.<\/p>\n<p>Asimismo, indic\u00f3 que se retirar\u00e1 de la reuni\u00f3n en la que se encuentra para poder acudir a su despacho presidencial y dejar sin efecto la medida.<\/p>\n<p>Cabe resaltar que ayer a la medianoche, el presidente Pedro Castillo hab\u00eda ordenado una inmovilizaci\u00f3n social obligatoria en Lima y Callao, luego de que los transportistas acataran un paro generalizado que contrajo disturbios en diferentes puntos del pa\u00eds. Lo que exig\u00edan los manifestantes era poder llegar a un acuerdo con el Estado para que los precios del combustible, peajes y productos de la canasta b\u00e1sica del hogar bajen de precio.<\/p>\n<p>Hasta el momento, ya se han firmado acuerdos sobre los primeros puntos y algunos gremios del rubro de transporte ya han levantado las medidas tomadas en un principio. Fuente: La Rep\u00fablica.pe<\/p>\n","protected":false},"excerpt":{"rendered":"<p>Pedro Castillo deja sin efecto el toque de queda en Lima y Callao &nbsp; El presidente de la Rep\u00fablica indic\u00f3 que esta medida ha sido levantada tras reunirse con congresistas. Peri\u00f3dico Digital La Regi\u00f3n Sur, 05 abril-2022.- Luego de anunciar que Lima y Callao tendr\u00edan que acatar un toque de queda por las protestas a &hellip;<\/p>\n","protected":false},"author":1,"featured_media":2381,"comment_status":"open","ping_status":"open","sticky":false,"template":"","format":"standard","meta":{"footnotes":""},"categories":[40],"tags":[],"class_list":["post-2380","post","type-post","status-publish","format-standard","has-post-thumbnail","","category-nacionales"],"_links":{"self":[{"href":"https:\/\/laregionsur.com\/index.php?rest_route=\/wp\/v2\/posts\/2380","targetHints":{"allow":["GET"]}}],"collection":[{"href":"https:\/\/laregionsur.com\/index.php?rest_route=\/wp\/v2\/posts"}],"about":[{"href":"https:\/\/laregionsur.com\/index.php?rest_route=\/wp\/v2\/types\/post"}],"author":[{"embeddable":true,"href":"https:\/\/laregionsur.com\/index.php?rest_route=\/wp\/v2\/users\/1"}],"replies":[{"embeddable":true,"href":"https:\/\/laregionsur.com\/index.php?rest_route=%2Fwp%2Fv2%2Fcomments&post=2380"}],"version-history":[{"count":0,"href":"https:\/\/laregionsur.com\/index.php?rest_route=\/wp\/v2\/posts\/2380\/revisions"}],"wp:featuredmedia":[{"embeddable":true,"href":"https:\/\/laregionsur.com\/index.php?rest_route=\/"}],"wp:attachment":[{"href":"https:\/\/laregionsur.com\/index.php?rest_route=%2Fwp%2Fv2%2Fmedia&parent=2380"}],"wp:term":[{"taxonomy":"category","embeddable":true,"href":"https:\/\/laregionsur.com\/index.php?rest_route=%2Fwp%2Fv2%2Fcategories&post=2380"},{"taxonomy":"post_tag","embeddable":true,"href":"https:\/\/laregionsur.com\/index.php?rest_route=%2Fwp%2Fv2%2Ftags&post=2380"}],"curies":[{"name":"wp","href":"https:\/\/api.w.org\/{rel}","templated":true}]}}