{"id":2363,"date":"2022-04-05T05:09:04","date_gmt":"2022-04-05T05:09:04","guid":{"rendered":"https:\/\/laregionsur.com\/?p=2363"},"modified":"2022-04-05T05:09:04","modified_gmt":"2022-04-05T05:09:04","slug":"hoy-martes-5-de-abril-nadie-sale","status":"publish","type":"post","link":"https:\/\/laregionsur.com\/?p=2363","title":{"rendered":"\u00a1 Hoy martes 5 de  abril nadie sale!"},"content":{"rendered":"<p>\u00a1 Hoy martes 5 de<\/p>\n<p>abril nadie sale!<\/p>\n<ul>\n<li>Presidente Pedro Castillo anuncia inamovilidad social en Lima y Callao para este martes<\/li>\n<\/ul>\n<p>&nbsp;<\/p>\n<p>Peri\u00f3dico Digital La Regi\u00f3n Sur 05 abril 2022.- El mandatario Pedro Castillo dio un mensaje a la naci\u00f3n para anunciar el estado de emergencia en Lima y Callao desde las 2 a.m. hasta las 11:59 p.m. del 5 de abril a fin de resguardar la seguridad ciudadana.<\/p>\n<p>El presidente de la Rep\u00fablica, Pedro Castillo, dio un mensaje a la naci\u00f3n casi al filo de la medianoche para anunciar inmovilizaci\u00f3n social obligatoria desde las 2:00 a. m. hasta las 11:59 p. m. de este martes 5 de abril.<\/p>\n<p>\u201cEl Consejo de Ministros ha aprobado declarar la inamovilidad ciudadana (toque de queda) desde las 2 de la ma\u00f1ana hasta las 11:59 de la noche del martes 5 de abril para resguardar los derechos fundamentales de todas las personas, lo cual no impedir\u00e1 el abastecimiento de los servicios esenciales de todas las peruanas y peruanos\u201d, se\u00f1al\u00f3.<\/p>\n","protected":false},"excerpt":{"rendered":"<p>\u00a1 Hoy martes 5 de abril nadie sale! Presidente Pedro Castillo anuncia inamovilidad social en Lima y Callao para este martes &nbsp; Peri\u00f3dico Digital La Regi\u00f3n Sur 05 abril 2022.- El mandatario Pedro Castillo dio un mensaje a la naci\u00f3n para anunciar el estado de emergencia en Lima y Callao desde las 2 a.m. hasta &hellip;<\/p>\n","protected":false},"author":1,"featured_media":2314,"comment_status":"open","ping_status":"open","sticky":false,"template":"","format":"standard","meta":{"footnotes":""},"categories":[56,39,40],"tags":[],"class_list":["post-2363","post","type-post","status-publish","format-standard","has-post-thumbnail","","category-finance","category-stock-market","category-nacionales"],"_links":{"self":[{"href":"https:\/\/laregionsur.com\/index.php?rest_route=\/wp\/v2\/posts\/2363","targetHints":{"allow":["GET"]}}],"collection":[{"href":"https:\/\/laregionsur.com\/index.php?rest_route=\/wp\/v2\/posts"}],"about":[{"href":"https:\/\/laregionsur.com\/index.php?rest_route=\/wp\/v2\/types\/post"}],"author":[{"embeddable":true,"href":"https:\/\/laregionsur.com\/index.php?rest_route=\/wp\/v2\/users\/1"}],"replies":[{"embeddable":true,"href":"https:\/\/laregionsur.com\/index.php?rest_route=%2Fwp%2Fv2%2Fcomments&post=2363"}],"version-history":[{"count":0,"href":"https:\/\/laregionsur.com\/index.php?rest_route=\/wp\/v2\/posts\/2363\/revisions"}],"wp:featuredmedia":[{"embeddable":true,"href":"https:\/\/laregionsur.com\/index.php?rest_route=\/"}],"wp:attachment":[{"href":"https:\/\/laregionsur.com\/index.php?rest_route=%2Fwp%2Fv2%2Fmedia&parent=2363"}],"wp:term":[{"taxonomy":"category","embeddable":true,"href":"https:\/\/laregionsur.com\/index.php?rest_route=%2Fwp%2Fv2%2Fcategories&post=2363"},{"taxonomy":"post_tag","embeddable":true,"href":"https:\/\/laregionsur.com\/index.php?rest_route=%2Fwp%2Fv2%2Ftags&post=2363"}],"curies":[{"name":"wp","href":"https:\/\/api.w.org\/{rel}","templated":true}]}}