{"id":2292,"date":"2022-04-03T02:09:43","date_gmt":"2022-04-03T02:09:43","guid":{"rendered":"https:\/\/laregionsur.com\/?p=2292"},"modified":"2022-04-03T02:09:43","modified_gmt":"2022-04-03T02:09:43","slug":"gobierno-suscribe-acta-de-compromiso-con-gremios-de-transportistas-y-agricultores","status":"publish","type":"post","link":"https:\/\/laregionsur.com\/?p=2292","title":{"rendered":"Gobierno suscribe acta de compromiso con gremios de transportistas y agricultores"},"content":{"rendered":"<h5 class=\"no-margin lh31 paddinglat20\" style=\"text-align: justify;\">Acuerdan despejar las v\u00edas bloqueadas y establecen una tregua de cinco d\u00edas para continuar con el di\u00e1logo en Huancayo.<\/h5>\n<p style=\"text-align: justify;\"><abbr class=\"flow-text\">La comitiva del Poder Ejecutivo suscribi\u00f3 esta tarde un acta de compromiso con dirigentes del sector transportes y agrario, en Huancayo, mediante la cual se acuerda levantar el paro, despejar las v\u00edas y otorgar una tregua de cinco d\u00edas a fin de seguir dialogando.<\/abbr><\/p>\n<div style=\"text-align: justify;\">Tras la firma de los acuerdos, el ministro de Desarrollo Agrario y Riego, \u00d3scar Zea, destac\u00f3 los esfuerzos desplegados para lograr entendimientos, adem\u00e1s, confirm\u00f3 el compromiso de liberaci\u00f3n de las v\u00edas.<\/div>\n<div style=\"text-align: justify;\"><\/div>\n<div style=\"text-align: justify;\">\u201cEl agro sabe c\u00f3mo actuar. Hemos conversado y se ha levantado. Esta tregua la vamos a asumir con responsabilidad, nuestros compromisos van a ser sagradamente cumplidos\u201d, expres\u00f3 a TV Per\u00fa.<\/div>\n<div style=\"text-align: justify;\"><\/div>\n<div style=\"text-align: justify;\">Se\u00f1al\u00f3 que trabajar\u00e1 con el sector agrario desde una l\u00ednea de tiempo, \u201cy les reitero que con ellos\u00a0 abordaremos el tema de los fertilizantes, que es fundamental, entre otros temas\u201d.<\/div>\n<div style=\"text-align: justify;\"><\/div>\n<div style=\"text-align: justify;\">Por su parte, el ministro de Energ\u00eda y Minas, Carlos Palacios, asever\u00f3 que el acta refleja el compromiso del Gobierno para estabilizar los precios de los combustibles.<\/div>\n<div>\n<div style=\"text-align: justify;\">\u201cNosotros hemos venido a decirles que con el Decreto Supremo 002-2022, que es la estabilizaci\u00f3n de los precios de los combustibles, ya se dio el lunes 28. \u00abCon eso estamos cumpliendo lo que hab\u00edamos prometido respecto a la estabilizaci\u00f3n del combustible\u201d, remarc\u00f3.<\/div>\n<div style=\"text-align: justify;\"><\/div>\n<div style=\"text-align: justify;\">Con la suscripci\u00f3n del acta termin\u00f3 el encuentro entre la comitiva del Ejecutivo y dirigentes en el coliseo Wanka de Huancayo.<\/div>\n<div style=\"text-align: justify;\"><\/div>\n<div style=\"text-align: justify;\">El equipo del Ejecutivo que lleg\u00f3 esta ma\u00f1ana a esta ciudad estuvo integrado por los ministros de Justicia y Derechos Humanos, F\u00e9lix Chero; de Energ\u00eda y Minas, Carlos Palacios; de Econom\u00eda y Finanzas, \u00d3scar Graham; del Interior, Alfonso Ch\u00e1varry, y de Desarrollo Agrario y Riego, \u00d3scar Zea; as\u00ed como del viceministro de la Presidencia del Consejo de Ministros.<\/div>\n<div style=\"text-align: justify;\"><\/div>\n<div style=\"text-align: justify;\">El ministro de Comercio Exterior y Turismo, Roberto S\u00e1nchez, y el ministro de Cultura, Alejandro Salas, llegaron ayer a la ciudad.\u00a0<em><strong class=\"fw700\">(Agencia Andina).<\/strong><\/em><\/div>\n<\/div>\n","protected":false},"excerpt":{"rendered":"<p>Acuerdan despejar las v\u00edas bloqueadas y establecen una tregua de cinco d\u00edas para continuar con el di\u00e1logo en Huancayo. La comitiva del Poder Ejecutivo suscribi\u00f3 esta tarde un acta de compromiso con dirigentes del sector transportes y agrario, en Huancayo, mediante la cual se acuerda levantar el paro, despejar las v\u00edas y otorgar una tregua &hellip;<\/p>\n","protected":false},"author":1,"featured_media":2293,"comment_status":"open","ping_status":"open","sticky":false,"template":"","format":"standard","meta":{"footnotes":""},"categories":[40],"tags":[],"class_list":["post-2292","post","type-post","status-publish","format-standard","has-post-thumbnail","","category-nacionales"],"_links":{"self":[{"href":"https:\/\/laregionsur.com\/index.php?rest_route=\/wp\/v2\/posts\/2292","targetHints":{"allow":["GET"]}}],"collection":[{"href":"https:\/\/laregionsur.com\/index.php?rest_route=\/wp\/v2\/posts"}],"about":[{"href":"https:\/\/laregionsur.com\/index.php?rest_route=\/wp\/v2\/types\/post"}],"author":[{"embeddable":true,"href":"https:\/\/laregionsur.com\/index.php?rest_route=\/wp\/v2\/users\/1"}],"replies":[{"embeddable":true,"href":"https:\/\/laregionsur.com\/index.php?rest_route=%2Fwp%2Fv2%2Fcomments&post=2292"}],"version-history":[{"count":0,"href":"https:\/\/laregionsur.com\/index.php?rest_route=\/wp\/v2\/posts\/2292\/revisions"}],"wp:featuredmedia":[{"embeddable":true,"href":"https:\/\/laregionsur.com\/index.php?rest_route=\/"}],"wp:attachment":[{"href":"https:\/\/laregionsur.com\/index.php?rest_route=%2Fwp%2Fv2%2Fmedia&parent=2292"}],"wp:term":[{"taxonomy":"category","embeddable":true,"href":"https:\/\/laregionsur.com\/index.php?rest_route=%2Fwp%2Fv2%2Fcategories&post=2292"},{"taxonomy":"post_tag","embeddable":true,"href":"https:\/\/laregionsur.com\/index.php?rest_route=%2Fwp%2Fv2%2Ftags&post=2292"}],"curies":[{"name":"wp","href":"https:\/\/api.w.org\/{rel}","templated":true}]}}