{"id":2284,"date":"2022-04-02T23:40:52","date_gmt":"2022-04-02T23:40:52","guid":{"rendered":"https:\/\/laregionsur.com\/?p=2284"},"modified":"2022-04-02T23:40:52","modified_gmt":"2022-04-02T23:40:52","slug":"agricultores-y-transportistas-en-huancayo-acuerdan-dar-tregua-de-5-dias-al-gobierno","status":"publish","type":"post","link":"https:\/\/laregionsur.com\/?p=2284","title":{"rendered":"Agricultores y transportistas en Huancayo  acuerdan dar tregua de 5 d\u00edas al Gobierno"},"content":{"rendered":"<p>Agricultores y transportistas en Huancayo<\/p>\n<p>acuerdan dar tregua de 5 d\u00edas al Gobierno<\/p>\n<p>&nbsp;<\/p>\n<ul>\n<li>Los agricultores y transportistas de Huancayo indicaron que la tregua es por un plazo de cinco d\u00edas, tiempo en el que esperan que el Gobierno atienda sus reclamos. Sin embargo, un dirigente indic\u00f3 que esto no significa que vayan a levantar el paro indefinido.<\/li>\n<\/ul>\n<p>&nbsp;<\/p>\n<p>Peri\u00f3dico Digital, La Regi\u00f3n Sur, 02 abruil-2022.- Varios grupos de agricultores y transportistas de la ciudad de Huancayo anunciaron este s\u00e1bado que otorgar\u00e1n al Gobierno una tregua de 5 d\u00edas, en el sexto d\u00eda de paro indefinido que acatan, luego de que trataran puntos de su pliego de reclamos con los ministros de Estado que llegaron hasta la zona.<\/p>\n<p>&nbsp;<\/p>\n<p>As\u00ed lo confirm\u00f3 el dirigente \u00c1ngel Misayauri, quien ha encabezado las manifestaciones en Huancayo. Asimismo, se\u00f1al\u00f3 que la tregua es por un plazo de cinco d\u00edas, tiempo en el que esperan que el Gobierno atienda sus reclamos, pero dijo que no han levantado el paro.<\/p>\n<p>&nbsp;<\/p>\n<p>\u201cNo hemos levantado el paro, es una tregua, quiero que quede bien claro. En estos cinco d\u00edas estamos formando un nuevo comit\u00e9 en el cual van a trabajar, porque ya han dado propuestas de los fertilizantes, de los agroqu\u00edmicos, del subsidio\u201d, manifest\u00f3.<\/p>\n<p>&nbsp;<\/p>\n<p>Sin embargo, esta es la posici\u00f3n que ha adoptado solo un grupo de manifestantes y de momento se desconoce cu\u00e1l ser\u00e1 la postura que adopten el resto de gremios en protesta. En tanto, contin\u00faan los enfrentamientos y la represi\u00f3n policial.<\/p>\n<p>MINISTRO TILDA DE \u00abDELINCUENTES\u00bb A MANIFESTANTES<\/p>\n<p>&nbsp;<\/p>\n<p>Ante esta situaci\u00f3n, RPP Noticias pudo conversar con el ministro del Interior, Alfonso Ch\u00e1varry, quien calific\u00f3 de v\u00e1ndalos y delincuentes a los manifestantes. Adem\u00e1s, justific\u00f3 el uso de gas lacrim\u00f3geno \u201cpara controlarlos\u201d, pues dijo que agredieron a los efectivos policiales con piedras.<\/p>\n<p>&nbsp;<\/p>\n<p>\u00abLos manifestantes no son agricultores, no son transportistas; son j\u00f3venes v\u00e1ndalos y delincuentes que han roto tres paredes y han roto la puerta del coliseo. Se est\u00e1 tratando de calmarlos a ellos. Ellos est\u00e1n agrediendo con piedras a los polic\u00edas, la Polic\u00eda est\u00e1 usando \u00fanicamente gas lacrim\u00f3geno para controlarlos\u00bb, reproch\u00f3.<\/p>\n<p>&nbsp;<\/p>\n<p>Durante las manifestaciones de este s\u00e1bado, efectivos de la Polic\u00eda y manifestantes resultaron heridos, mientras que las personas detenidas en los disturbios fueron trasladadas al interior del Coliseo Wanka.<\/p>\n<p>Retorno del presidente a Lima<\/p>\n<p>&nbsp;<\/p>\n<p>El anuncio se da luego de que el presidente de la Rep\u00fablica, Pedro Castillo, regresara a Lima para reunirse en la Presidencia del Consejo de Ministros, a fin de adoptar medidas por la situaci\u00f3n en Jun\u00edn a causa del paro indefinido.<\/p>\n<p>&nbsp;<\/p>\n<p>En declaraciones desde la regi\u00f3n San Mart\u00edn, el mandatario indic\u00f3 que ten\u00eda que suspender parte de su agenda para hoy, a fin de regresar a la capital y poder tratar a brevedad la situaci\u00f3n generada en el centro del pa\u00eds por la medida de fuerza adoptada hace cinco d\u00edas por los trabajadores.<\/p>\n<p>&nbsp;<\/p>\n<p>\u201cMis disculpas por no cumplir con el resto de lo que estaba agendado, porque tenemos que suspender con la finalidad de retornar inmediatamente a Lima y ver el tema de Huancayo a la brevedad posible. Inmediatamente llegando voy a conducirme a la PCM para pedir el informe a esta comisi\u00f3n de ministros (sobre) el trabajo que se les ha encomendado\u201d, indic\u00f3. Fuente: rpp<\/p>\n<p>&nbsp;<\/p>\n<p>&nbsp;<\/p>\n","protected":false},"excerpt":{"rendered":"<p>Agricultores y transportistas en Huancayo acuerdan dar tregua de 5 d\u00edas al Gobierno &nbsp; Los agricultores y transportistas de Huancayo indicaron que la tregua es por un plazo de cinco d\u00edas, tiempo en el que esperan que el Gobierno atienda sus reclamos. Sin embargo, un dirigente indic\u00f3 que esto no significa que vayan a levantar &hellip;<\/p>\n","protected":false},"author":1,"featured_media":2285,"comment_status":"open","ping_status":"open","sticky":false,"template":"","format":"standard","meta":{"footnotes":""},"categories":[40],"tags":[],"class_list":["post-2284","post","type-post","status-publish","format-standard","has-post-thumbnail","","category-nacionales"],"_links":{"self":[{"href":"https:\/\/laregionsur.com\/index.php?rest_route=\/wp\/v2\/posts\/2284","targetHints":{"allow":["GET"]}}],"collection":[{"href":"https:\/\/laregionsur.com\/index.php?rest_route=\/wp\/v2\/posts"}],"about":[{"href":"https:\/\/laregionsur.com\/index.php?rest_route=\/wp\/v2\/types\/post"}],"author":[{"embeddable":true,"href":"https:\/\/laregionsur.com\/index.php?rest_route=\/wp\/v2\/users\/1"}],"replies":[{"embeddable":true,"href":"https:\/\/laregionsur.com\/index.php?rest_route=%2Fwp%2Fv2%2Fcomments&post=2284"}],"version-history":[{"count":0,"href":"https:\/\/laregionsur.com\/index.php?rest_route=\/wp\/v2\/posts\/2284\/revisions"}],"wp:featuredmedia":[{"embeddable":true,"href":"https:\/\/laregionsur.com\/index.php?rest_route=\/"}],"wp:attachment":[{"href":"https:\/\/laregionsur.com\/index.php?rest_route=%2Fwp%2Fv2%2Fmedia&parent=2284"}],"wp:term":[{"taxonomy":"category","embeddable":true,"href":"https:\/\/laregionsur.com\/index.php?rest_route=%2Fwp%2Fv2%2Fcategories&post=2284"},{"taxonomy":"post_tag","embeddable":true,"href":"https:\/\/laregionsur.com\/index.php?rest_route=%2Fwp%2Fv2%2Ftags&post=2284"}],"curies":[{"name":"wp","href":"https:\/\/api.w.org\/{rel}","templated":true}]}}