{"id":2236,"date":"2022-03-31T20:53:05","date_gmt":"2022-03-31T20:53:05","guid":{"rendered":"https:\/\/laregionsur.com\/?p=2236"},"modified":"2022-03-31T20:53:05","modified_gmt":"2022-03-31T20:53:05","slug":"congreso-aprueba-mocion-de-censura-contra-el-ministro-hernan-condori","status":"publish","type":"post","link":"https:\/\/laregionsur.com\/?p=2236","title":{"rendered":"Congreso aprueba moci\u00f3n de censura  contra el ministro Hern\u00e1n Condori"},"content":{"rendered":"<p>Congreso aprueba moci\u00f3n de censura<\/p>\n<p>contra el ministro Hern\u00e1n Condori<\/p>\n<p>&nbsp;<\/p>\n<ul>\n<li>Con 71 votos a favor se aprob\u00f3 el pedido presentado por el legislador Diego Baz\u00e1n (Avanza Pa\u00eds), sustentado en la \u00abmanifiesta falta de idoneidad y capacidad\u00bb de Hern\u00e1n Condori Machado para el cargo.<\/li>\n<\/ul>\n<p>&nbsp;<\/p>\n<p>Con 71 votos a favor, 32 en contra y 13 abstenciones, el pleno del Congreso aprob\u00f3 este jueves la moci\u00f3n de censura contra el titular del Ministerio de Salud, Hern\u00e1n Condori Machado.<\/p>\n<p>El pedido hab\u00eda sido presentado por el legislador Diego Baz\u00e1n (Avanza Pa\u00eds) y se sustentaba en la \u00abmanifiesta falta de idoneidad y capacidad\u00bb de Condori Machado para el cargo.<\/p>\n<p>La moci\u00f3n, adem\u00e1s, contaba con el respaldo de legisladores de Avanza Pa\u00eds, Renovaci\u00f3n Popular, Juntos por el Per\u00fa, Alianza para el Progreso, Somos Per\u00fa, Acci\u00f3n Popular, as\u00ed como de los congresistas no agrupados Carlos Anderson, Enrique Wong, Susel Paredes, Flor Pablo y Edward M\u00e1laga.<\/p>\n<p>INTERPELACI\u00d3N A HERN\u00c1N CONDORI<\/p>\n<p>&nbsp;<\/p>\n<p>Cabe recordar que el pasado 16 de marzo, Hern\u00e1n Condori se present\u00f3 ante el Pleno para responder el pliego interpelatorio contenido en dos mociones de censura, las cuales tambi\u00e9n cuestionaban su falta de idoneidad para el cargo.<\/p>\n<p>&nbsp;<\/p>\n<p>Entre sus respuestas, neg\u00f3 haber comercializado \u201cagua arracimada\u201d a sus pacientes y afirm\u00f3 que dicho producto es solo agua y no un f\u00e1rmaco.<\/p>\n<p>&nbsp;<\/p>\n<p>Ante la pregunta sobre el t\u00edtulo de especialidad de Ginecolog\u00eda y Obstetricia, Condori Machado dijo ser m\u00e9dico cirujano y que cuenta con estudios de post grado con Maestr\u00eda en Salud P\u00fablica y Comunitaria.<\/p>\n<p>&nbsp;<\/p>\n<p>Al cuestion\u00e1rsele si atendi\u00f3 casos de c\u00e1ncer ginecol\u00f3gico, respondi\u00f3 que, como m\u00e9dico capacitado, lo hizo a nivel de diagn\u00f3stico presuntivo, pero no hizo biopsias, ni brind\u00f3 un tratamiento. Fuente: andina.<\/p>\n","protected":false},"excerpt":{"rendered":"<p>Congreso aprueba moci\u00f3n de censura contra el ministro Hern\u00e1n Condori &nbsp; Con 71 votos a favor se aprob\u00f3 el pedido presentado por el legislador Diego Baz\u00e1n (Avanza Pa\u00eds), sustentado en la \u00abmanifiesta falta de idoneidad y capacidad\u00bb de Hern\u00e1n Condori Machado para el cargo. &nbsp; Con 71 votos a favor, 32 en contra y 13 &hellip;<\/p>\n","protected":false},"author":1,"featured_media":2237,"comment_status":"open","ping_status":"open","sticky":false,"template":"","format":"standard","meta":{"footnotes":""},"categories":[40],"tags":[],"class_list":["post-2236","post","type-post","status-publish","format-standard","has-post-thumbnail","","category-nacionales"],"_links":{"self":[{"href":"https:\/\/laregionsur.com\/index.php?rest_route=\/wp\/v2\/posts\/2236","targetHints":{"allow":["GET"]}}],"collection":[{"href":"https:\/\/laregionsur.com\/index.php?rest_route=\/wp\/v2\/posts"}],"about":[{"href":"https:\/\/laregionsur.com\/index.php?rest_route=\/wp\/v2\/types\/post"}],"author":[{"embeddable":true,"href":"https:\/\/laregionsur.com\/index.php?rest_route=\/wp\/v2\/users\/1"}],"replies":[{"embeddable":true,"href":"https:\/\/laregionsur.com\/index.php?rest_route=%2Fwp%2Fv2%2Fcomments&post=2236"}],"version-history":[{"count":0,"href":"https:\/\/laregionsur.com\/index.php?rest_route=\/wp\/v2\/posts\/2236\/revisions"}],"wp:featuredmedia":[{"embeddable":true,"href":"https:\/\/laregionsur.com\/index.php?rest_route=\/"}],"wp:attachment":[{"href":"https:\/\/laregionsur.com\/index.php?rest_route=%2Fwp%2Fv2%2Fmedia&parent=2236"}],"wp:term":[{"taxonomy":"category","embeddable":true,"href":"https:\/\/laregionsur.com\/index.php?rest_route=%2Fwp%2Fv2%2Fcategories&post=2236"},{"taxonomy":"post_tag","embeddable":true,"href":"https:\/\/laregionsur.com\/index.php?rest_route=%2Fwp%2Fv2%2Ftags&post=2236"}],"curies":[{"name":"wp","href":"https:\/\/api.w.org\/{rel}","templated":true}]}}