{"id":2227,"date":"2022-03-31T15:38:50","date_gmt":"2022-03-31T15:38:50","guid":{"rendered":"https:\/\/laregionsur.com\/?p=2227"},"modified":"2022-03-31T15:38:50","modified_gmt":"2022-03-31T15:38:50","slug":"premier-suspende-reunion-y-declara-ilegal-medidas-de-fuerza-de-comuneros-de-coscore","status":"publish","type":"post","link":"https:\/\/laregionsur.com\/?p=2227","title":{"rendered":"PREMIER SUSPENDE REUNION Y DECLARA ILEGAL MEDIDAS DE FUERZA DE COMUNEROS DE COSCORE"},"content":{"rendered":"<p>PREMIER SUSPENDE REUNION Y DECLARA ILEGAL MEDIDAS<\/p>\n<p>DE FUERZA DE COMUNEROS DE COSCORE<\/p>\n<p>Peri\u00f3dico Digital La Regi\u00f3n Sur, 31 marzo 2022.-\u00a0 Mediante una carta dirigida a la presidente de las comunidades campesinas de Tumilaca, Pocata, Tala y Coscore, el premier de la Rep\u00fablica Anibal Torres se\u00f1al\u00f3 que se suspenden la instalaci\u00f3n de la Mesa de Di\u00e1logo hasta que no se den las condiciones sociales adecuadas conforme lo solicitado por el despacho ministerial.<\/p>\n<p>Asimismo se\u00f1ala que\u00a0 las medidas de fuerza las que vienen empleando los comuneros estan fuera del marco de la ley.<\/p>\n<p>&nbsp;<\/p>\n","protected":false},"excerpt":{"rendered":"<p>PREMIER SUSPENDE REUNION Y DECLARA ILEGAL MEDIDAS DE FUERZA DE COMUNEROS DE COSCORE Peri\u00f3dico Digital La Regi\u00f3n Sur, 31 marzo 2022.-\u00a0 Mediante una carta dirigida a la presidente de las comunidades campesinas de Tumilaca, Pocata, Tala y Coscore, el premier de la Rep\u00fablica Anibal Torres se\u00f1al\u00f3 que se suspenden la instalaci\u00f3n de la Mesa de &hellip;<\/p>\n","protected":false},"author":1,"featured_media":2228,"comment_status":"open","ping_status":"open","sticky":false,"template":"","format":"standard","meta":{"footnotes":""},"categories":[39,40],"tags":[],"class_list":["post-2227","post","type-post","status-publish","format-standard","has-post-thumbnail","","category-stock-market","category-nacionales"],"_links":{"self":[{"href":"https:\/\/laregionsur.com\/index.php?rest_route=\/wp\/v2\/posts\/2227","targetHints":{"allow":["GET"]}}],"collection":[{"href":"https:\/\/laregionsur.com\/index.php?rest_route=\/wp\/v2\/posts"}],"about":[{"href":"https:\/\/laregionsur.com\/index.php?rest_route=\/wp\/v2\/types\/post"}],"author":[{"embeddable":true,"href":"https:\/\/laregionsur.com\/index.php?rest_route=\/wp\/v2\/users\/1"}],"replies":[{"embeddable":true,"href":"https:\/\/laregionsur.com\/index.php?rest_route=%2Fwp%2Fv2%2Fcomments&post=2227"}],"version-history":[{"count":0,"href":"https:\/\/laregionsur.com\/index.php?rest_route=\/wp\/v2\/posts\/2227\/revisions"}],"wp:featuredmedia":[{"embeddable":true,"href":"https:\/\/laregionsur.com\/index.php?rest_route=\/"}],"wp:attachment":[{"href":"https:\/\/laregionsur.com\/index.php?rest_route=%2Fwp%2Fv2%2Fmedia&parent=2227"}],"wp:term":[{"taxonomy":"category","embeddable":true,"href":"https:\/\/laregionsur.com\/index.php?rest_route=%2Fwp%2Fv2%2Fcategories&post=2227"},{"taxonomy":"post_tag","embeddable":true,"href":"https:\/\/laregionsur.com\/index.php?rest_route=%2Fwp%2Fv2%2Ftags&post=2227"}],"curies":[{"name":"wp","href":"https:\/\/api.w.org\/{rel}","templated":true}]}}