{"id":1967,"date":"2022-03-18T22:06:44","date_gmt":"2022-03-18T22:06:44","guid":{"rendered":"https:\/\/laregionsur.com\/?p=1967"},"modified":"2022-03-18T22:06:44","modified_gmt":"2022-03-18T22:06:44","slug":"pedro-castillo-puede-derogar-el-indulto-a-fujimori-pero-ya-fue-admitida-pedido-por-la-corte-idh","status":"publish","type":"post","link":"https:\/\/laregionsur.com\/?p=1967","title":{"rendered":"Pedro Castillo puede derogar el indulto a Fujimori,  Pero ya fue admitida pedido por la Corte IDH"},"content":{"rendered":"<p>Pedro Castillo puede derogar el indulto a Fujimori,<\/p>\n<p>Pero ya fue admitida pedido por la Corte IDH<\/p>\n<p>&nbsp;<\/p>\n<p>Peri\u00f3dico Digital, La Regi\u00f3n Sur, 18 marzo 2022.- Para el abogado Carlos Rivera, miembro del Instituto de Defensa Legal (IDL), el presidente Pedro Castillo podr\u00eda revocar el indulto al expresidente Alberto Fujimori; sin embargo, se\u00f1al\u00f3 que el camino \u00abm\u00e1s adecuado\u00bb es que el caso se vea en la Corte Interamericana de Derechos Humanos, a trav\u00e9s de una audiencia de supervisi\u00f3n de cumplimiento que ya ha sido solicitada y tambi\u00e9n ya fue admitida a tr\u00e1mite pedido de v\u00edctimas de Barrios Altos y La Cantuta, ahora \u00a0requiere a Estado peruano cumpla con informar sobre sentencia del TC Peru que ha otorgado libertad al condenado A. Fujimori.<\/p>\n<p>&nbsp;<\/p>\n<p>\u00abUn indulto se otorga a trav\u00e9s de una resoluci\u00f3n suprema, que es una norma que se emite desde la cabeza del Poder Ejecutivo. Lo que preguntar\u00eda es si, as\u00ed como el Congreso puede derogar leyes que \u00e9l mismo emite, si el Poder Ejecutivo y la cabeza del Ejecutivo, que es el presidente, puede derogar o no una norma que el Ejecutivo ha emitido\u00bb, se\u00f1al\u00f3.<\/p>\n<p>&nbsp;<\/p>\n<p>\u00abDesde todo punto de vista, claro que puede. El tema no es la procedencia legal, el tema es la procedencia pol\u00edtica. A m\u00ed en este momento no necesariamente me interesar\u00eda, como abogado de las v\u00edctimas, que el presidente se inmiscuya en un tema jurisdiccional porque creo que este asunto es parte de la jurisdicci\u00f3n de la Corte Interamericana\u00bb, agreg\u00f3.<\/p>\n<p>CR\u00cdMENES DE LESA HUMANIDAD<\/p>\n<p>&nbsp;<\/p>\n<p>En entrevista con RPP Noticias, el abogado de los familiares de las victimas Barrios Altos y La Cantuta consider\u00f3 que el expresidente s\u00ed est\u00e1 condenado por cr\u00edmenes de lesa humanidad, pese a que esta figura no estaba tipificada en la legislaci\u00f3n peruana, pero s\u00ed en la jurisprudencia internacional.<\/p>\n<p>&nbsp;<\/p>\n<p>\u00abDurante el juicio, desde la primera sesi\u00f3n de audiencia, que se realiz\u00f3 el 10 de diciembre del 2007, desde la parte civil, la Fiscal\u00eda introdujo ese debate. Fue parte fundamental del debate el a\u00f1o y medio que dur\u00f3 el juicio oral\u00bb, se\u00f1al\u00f3.<\/p>\n<p>&nbsp;<\/p>\n<p>El abogado record\u00f3 que en la sentencia del 7 de abril del 2009 y luego en la sentencia confirmatoria, existen cap\u00edtulos en el que los jueces del tribunal que presidi\u00f3 el juez C\u00e9sar San Mart\u00edn y los del tribunal que presidi\u00f3 el magistrado Duberl\u00ed Rodr\u00edguez fundamentan que en los casos de Barrios Altos y La Cantuta se cometieron cr\u00edmenes de lesa humanidad.<\/p>\n<p>&nbsp;<\/p>\n<p>Rivera reconoci\u00f3 que en la \u00e9poca en la que Alberto Fujimori fue procesado por estos casos el delito de lesa humanidad no estaba tipificado en la legislaci\u00f3n peruana; no obstante, precis\u00f3 que esta clase de hechos, a diferencia de los delitos comunes, se juzgan bajo el derecho penal internacional, como parte de una \u00abcostumbre de la comunidad jur\u00eddica\u00bb.<\/p>\n<p>\u00abCuando esos cr\u00edmenes son calificados de esa manera, existen consecuencias jur\u00eddicas, la primera es que al minuto siguiente que un crimen es calificado de esa manera, se convierte en un crimen imprescriptible y merecedor de la sanci\u00f3n m\u00e1s grave (\u2026) Lo que el Tribunal hace es calificar cr\u00edmenes del derecho interno como cr\u00edmenes de lesa humanidad\u00bb, explic\u00f3.<\/p>\n<p>Adicionalmente, Rivera record\u00f3 que, a partir del 2006, para la Corte IDH tambi\u00e9n est\u00e1n prohibidos los indultos a condenados por violaciones a los derechos humanos. No obstante, record\u00f3 que en el 2018 la Corte dej\u00f3 abierta esta posibilidad siempre y cuando los presos cumplan con pedir perd\u00f3n p\u00fablico, paguen la reparaci\u00f3n civil, entre otras condiciones. Con informaci\u00f3n de rpp.<\/p>\n","protected":false},"excerpt":{"rendered":"<p>Pedro Castillo puede derogar el indulto a Fujimori, Pero ya fue admitida pedido por la Corte IDH &nbsp; Peri\u00f3dico Digital, La Regi\u00f3n Sur, 18 marzo 2022.- Para el abogado Carlos Rivera, miembro del Instituto de Defensa Legal (IDL), el presidente Pedro Castillo podr\u00eda revocar el indulto al expresidente Alberto Fujimori; sin embargo, se\u00f1al\u00f3 que el &hellip;<\/p>\n","protected":false},"author":1,"featured_media":1968,"comment_status":"open","ping_status":"open","sticky":false,"template":"","format":"standard","meta":{"footnotes":""},"categories":[40],"tags":[],"class_list":["post-1967","post","type-post","status-publish","format-standard","has-post-thumbnail","","category-nacionales"],"_links":{"self":[{"href":"https:\/\/laregionsur.com\/index.php?rest_route=\/wp\/v2\/posts\/1967","targetHints":{"allow":["GET"]}}],"collection":[{"href":"https:\/\/laregionsur.com\/index.php?rest_route=\/wp\/v2\/posts"}],"about":[{"href":"https:\/\/laregionsur.com\/index.php?rest_route=\/wp\/v2\/types\/post"}],"author":[{"embeddable":true,"href":"https:\/\/laregionsur.com\/index.php?rest_route=\/wp\/v2\/users\/1"}],"replies":[{"embeddable":true,"href":"https:\/\/laregionsur.com\/index.php?rest_route=%2Fwp%2Fv2%2Fcomments&post=1967"}],"version-history":[{"count":0,"href":"https:\/\/laregionsur.com\/index.php?rest_route=\/wp\/v2\/posts\/1967\/revisions"}],"wp:featuredmedia":[{"embeddable":true,"href":"https:\/\/laregionsur.com\/index.php?rest_route=\/"}],"wp:attachment":[{"href":"https:\/\/laregionsur.com\/index.php?rest_route=%2Fwp%2Fv2%2Fmedia&parent=1967"}],"wp:term":[{"taxonomy":"category","embeddable":true,"href":"https:\/\/laregionsur.com\/index.php?rest_route=%2Fwp%2Fv2%2Fcategories&post=1967"},{"taxonomy":"post_tag","embeddable":true,"href":"https:\/\/laregionsur.com\/index.php?rest_route=%2Fwp%2Fv2%2Ftags&post=1967"}],"curies":[{"name":"wp","href":"https:\/\/api.w.org\/{rel}","templated":true}]}}