{"id":1903,"date":"2022-03-17T03:45:53","date_gmt":"2022-03-17T03:45:53","guid":{"rendered":"https:\/\/laregionsur.com\/?p=1903"},"modified":"2022-03-17T03:45:53","modified_gmt":"2022-03-17T03:45:53","slug":"crisis-en-ucrania-se-viene-un-nuevo-orden-mundial","status":"publish","type":"post","link":"https:\/\/laregionsur.com\/?p=1903","title":{"rendered":"Crisis en Ucrania: \u00bfse viene un nuevo orden mundial?"},"content":{"rendered":"<div class=\"article__header\">\n<div class=\"article__announce-text\">Por: Alvaro Roslik<\/p>\n<div class=\"article__header\" style=\"text-align: justify;\">\n<div class=\"article__announce-text\">El actual escenario en Ucrania es el resultado de un deterioro \u00abque viene de bastante antes de 2014\u00bb, afirma el profesor argentino Alberto Hutschenreuter, para quien todo comienza \u201cen los a\u00f1os 1990, a partir de pol\u00edticas occidentales determinadas a lograr dividendos de la victoria de la Guerra Fr\u00eda\u201d.<\/div>\n<\/div>\n<div class=\"article__body\">\n<div class=\"article__block\" style=\"text-align: justify;\" data-type=\"text\">\n<div class=\"article__text\">Seg\u00fan Hutschenreuter, las hostilidades actuales<a href=\"https:\/\/mundo.sputniknews.com\/20220219\/la-crisis-en-ucrania-que-paso-en-donbas-y-por-que-es-importante-1121921230.html\" target=\"_blank\" rel=\"noopener\"> comienzan bastante tiempo atr\u00e1s al inicio del conflicto en el Donb\u00e1s<\/a>, al este de Ucrania, entre las fuerzas del Gobierno y los sectores prorrusos de las autoproclamadas Rep\u00fablicas populares de Lugansk y Donetsk,\u00a0<a href=\"https:\/\/mundo.sputniknews.com\/20220221\/asi-reacciona-occidente-a-la-decision-de-putin-de-reconocer-las-republicas-de-donbas-1122013564.html\" target=\"_blank\" rel=\"noopener\">reconocidas como Estados soberanos por la Federaci\u00f3n Rusa<\/a>\u00a0en febrero de 2022.<\/div>\n<\/div>\n<div class=\"article__block\" style=\"text-align: justify;\" data-type=\"text\">\n<div class=\"article__text\">\u00abMi impresi\u00f3n es que\u00a0<strong>esto comienza bastante antes, en los a\u00f1os 1990, a partir de pol\u00edticas occidentales determinadas a lograr dividendos de la victoria de la Guerra Fr\u00eda<\/strong>, entendiendo por dividendos evitar que eventualmente surgiera una Rusia que volviera a retar la supremac\u00eda de Occidente\u00bb, considera el doctor en Relaciones Internacionales de la Universidad de Salamanca.<\/div>\n<\/div>\n<div class=\"article__block\" style=\"text-align: justify;\" data-type=\"h2\">\n<h2 class=\"article__h2\">No hay orden internacional<\/h2>\n<\/div>\n<div class=\"article__block\" style=\"text-align: justify;\" data-type=\"text\">\n<div class=\"article__text\">Para el acad\u00e9mico, el \u00faltimo orden internacional fue la Guerra Fr\u00eda posterior a la Segunda Guerra Mundial, a partir de lo cual se vive en un\u00a0<strong>\u201cdesorden internacional\u201d<\/strong>: \u00abNo se puede entender la actual situaci\u00f3n en Ucrania, si no se tiene en cuenta el\u00a0<a href=\"https:\/\/mundo.sputniknews.com\/20101110\/147871827.html\" target=\"_blank\" rel=\"noopener\">desbalance territorial que implic\u00f3 la ampliaci\u00f3n de la OTAN<\/a>\u00a0y la intenci\u00f3n de continuar ampli\u00e1ndose\u00bb.<\/div>\n<\/div>\n<div class=\"article__block\" style=\"text-align: justify;\" data-type=\"text\">\n<div class=\"article__text\">Hutschenreuter sostiene que \u00abdurante los a\u00f1os 1990 hubo una globalizaci\u00f3n que, uno puede decir que fue un r\u00e9gimen que tuvo algo de orden internacional, b\u00e1sicamente econ\u00f3mico\u00bb. Luego se pas\u00f3 a un momento de hegemon\u00eda estadounidense en la llamada \u00ablucha contra el terrorismo\u00bb. \u00ab<strong>All\u00ed hubo cierta convergencia entre China, Rusia y EEUU en funci\u00f3n de que el terrorismo era una amenza para todos<\/strong>\u00ab, agrega.<\/div>\n<\/div>\n<div class=\"article__block\" style=\"text-align: justify;\" data-type=\"quote\">\n<div class=\"article__quote\">\n<div class=\"article__quote-bg\">\n<div class=\"article__quote-bg-line\"><\/div>\n<\/div>\n<div class=\"article__quote-text\">\n<p>\u00abLuego de los sucesos del C\u00e1ucaso en 2008 y posteriormente en 2014 esta cooperaci\u00f3n se difumin\u00f3. Desaparece cualquier posibilidad de orden y desde entonces el mundo vive en un desorden internacional.\u00a0<strong>No hay r\u00e9gimen y quienes deber\u00edan estar pensando en un r\u00e9gimen internacional, est\u00e1n enfrentados entre s\u00ed<\/strong>\u00ab, puntualiza el profesor de Relaciones Internacionales de la Universidad Abierta Interamericana de Buenos Aires.<\/p>\n<\/div>\n<div class=\"article__quote-info\">\n<div class=\"elem-info\">\n<div class=\"elem-info__share\">\n<div class=\"share m-active\" data-id=\"1123125180\" data-url=\"https:\/\/mundo.sputniknews.com\/20220315\/crisis-en-ucrania-se-viene-un-nuevo-orden-mundial-1123125180.html?share-block=1123125613\" data-title=\"&amp;quot;Luego de los sucesos del C\u00e1ucaso en 2008 y posteriormente en 2014 esta cooperaci\u00f3n se difumin\u00f3. Desaparece cualquier posibilidad de orden y desde entonces el mundo vive en un desorden internacional. No hay r\u00e9gimen y quienes deber\u00edan estar pensando en un r\u00e9gimen internacional, est\u00e1n enfrentados entre s\u00ed&amp;quot;, puntualiza el profesor de Relaciones Internacionales de la Universidad Abierta Interamericana de Buenos Aires.\"><\/div>\n<\/div>\n<\/div>\n<\/div>\n<\/div>\n<\/div>\n<div class=\"article__block\" style=\"text-align: justify;\" data-type=\"h2\">\n<h2 class=\"article__h2\">La no guerra<\/h2>\n<\/div>\n<div class=\"article__block\" style=\"text-align: justify;\" data-type=\"text\">\n<div class=\"article__text\">Lo que sucede entre Occidente y Rusia es \u00abun caso de no guerra, un estado que no es ni de paz ni de guerra. En Ucrania tenemos una situaci\u00f3n de confrontaci\u00f3n entre Ucrania y Rusia,\u00a0<strong>pero Occidente y la OTAN apoyan a una de las partes: Ucrania<\/strong>\u00ab, recuerda el acad\u00e9mico.<\/div>\n<\/div>\n<div class=\"article__block\" style=\"text-align: justify;\" data-type=\"text\">\n<div class=\"article__text\">De manera que, m\u00e1s all\u00e1 de c\u00f3mo termine la operaci\u00f3n militar especial rusa en Ucrania, suponiendo que Mosc\u00fa logre sus objetivos, \u201cser\u00e1 muy dif\u00edcil pensar un nuevo orden mundial.\u00a0<strong>La cooperaci\u00f3n internacional quedar\u00e1 muy abajo<\/strong>, el sistema multilateral tambi\u00e9n tendr\u00e1 pocas posibilidades. Ni siquiera hablo de un orden, sino de un sistema de cooperaci\u00f3n\u00bb, lamenta Hutschenreuter.<\/div>\n<\/div>\n<div class=\"article__block\" data-type=\"text\">\n<div class=\"article__text\" style=\"text-align: justify;\">La situaci\u00f3n actual\u00a0<strong>impactar\u00e1 en las posibilidades de cooperaci\u00f3n internacional<\/strong>\u00a0y tendr\u00e1 \u00abconsecuencias muy negativas para el sistema internacional, que ya desde antes de la pandemia ven\u00eda en estado de tensi\u00f3n y en algunos casos tambi\u00e9n, ni de guerra ni de paz\u00bb.<\/div>\n<\/div>\n<\/div>\n<\/div>\n<\/div>\n","protected":false},"excerpt":{"rendered":"<p>Por: Alvaro Roslik El actual escenario en Ucrania es el resultado de un deterioro \u00abque viene de bastante antes de 2014\u00bb, afirma el profesor argentino Alberto Hutschenreuter, para quien todo comienza \u201cen los a\u00f1os 1990, a partir de pol\u00edticas occidentales determinadas a lograr dividendos de la victoria de la Guerra Fr\u00eda\u201d. Seg\u00fan Hutschenreuter, las hostilidades &hellip;<\/p>\n","protected":false},"author":1,"featured_media":1904,"comment_status":"open","ping_status":"open","sticky":false,"template":"","format":"standard","meta":{"footnotes":""},"categories":[58],"tags":[],"class_list":["post-1903","post","type-post","status-publish","format-standard","has-post-thumbnail","","category-internacionales"],"_links":{"self":[{"href":"https:\/\/laregionsur.com\/index.php?rest_route=\/wp\/v2\/posts\/1903","targetHints":{"allow":["GET"]}}],"collection":[{"href":"https:\/\/laregionsur.com\/index.php?rest_route=\/wp\/v2\/posts"}],"about":[{"href":"https:\/\/laregionsur.com\/index.php?rest_route=\/wp\/v2\/types\/post"}],"author":[{"embeddable":true,"href":"https:\/\/laregionsur.com\/index.php?rest_route=\/wp\/v2\/users\/1"}],"replies":[{"embeddable":true,"href":"https:\/\/laregionsur.com\/index.php?rest_route=%2Fwp%2Fv2%2Fcomments&post=1903"}],"version-history":[{"count":0,"href":"https:\/\/laregionsur.com\/index.php?rest_route=\/wp\/v2\/posts\/1903\/revisions"}],"wp:featuredmedia":[{"embeddable":true,"href":"https:\/\/laregionsur.com\/index.php?rest_route=\/"}],"wp:attachment":[{"href":"https:\/\/laregionsur.com\/index.php?rest_route=%2Fwp%2Fv2%2Fmedia&parent=1903"}],"wp:term":[{"taxonomy":"category","embeddable":true,"href":"https:\/\/laregionsur.com\/index.php?rest_route=%2Fwp%2Fv2%2Fcategories&post=1903"},{"taxonomy":"post_tag","embeddable":true,"href":"https:\/\/laregionsur.com\/index.php?rest_route=%2Fwp%2Fv2%2Ftags&post=1903"}],"curies":[{"name":"wp","href":"https:\/\/api.w.org\/{rel}","templated":true}]}}