{"id":1660,"date":"2022-03-06T18:41:57","date_gmt":"2022-03-06T18:41:57","guid":{"rendered":"https:\/\/laregionsur.com\/?p=1660"},"modified":"2022-03-06T18:41:57","modified_gmt":"2022-03-06T18:41:57","slug":"llega-primer-grupo-de-peruanos-de-ucrania-esta-noche-llegara-nuevo-grupo","status":"publish","type":"post","link":"https:\/\/laregionsur.com\/?p=1660","title":{"rendered":"LLEGA PRIMER GRUPO DE PERUANOS DE  UCRANIA ESTA NOCHE LLEGAR\u00c1 NUEVO GRUPO"},"content":{"rendered":"<p>LLEGA PRIMER GRUPO DE PERUANOS DE<\/p>\n<p>UCRANIA ESTA NOCHE LLEGAR\u00c1 NUEVO GRUPO<\/p>\n<p>&nbsp;<\/p>\n<p>Peri\u00f3dico Digital \u201cLa Regi\u00f3n Sur\u201d-06-marzo-22.- \u00a0El presidente de la Rep\u00fablica, Pedro Castillo, recibi\u00f3 anoche a 13 connacionales repatriados de Ucrania, quienes partieron desde Varsovia (Polonia) para reencontrarse con sus familiares en el pa\u00eds.<\/p>\n<p>Dicho grupo lo formaron diez adultos, entre ellos una peruana con cinco meses de gestaci\u00f3n, y tres menores de edad, que llegaron a Lima en un vuelo comercial.<\/p>\n<p>Acompa\u00f1ado por el canciller C\u00e9sar Landa, el jefe del Estado les dio la bienvenida en las instalaciones del aeropuerto internacional Jorge Ch\u00e1vez.<\/p>\n<p>\u201cYa est\u00e1n en casa y para nosotros es satisfactorio volverlos a tener en la tierra que los vio nacer. Nuestro apoyo es permanente\u201d, manifest\u00f3 el mandatario, quien formul\u00f3 un llamado al mundo para resolver los problemas en el marco de la paz. Fuente: Andina<\/p>\n","protected":false},"excerpt":{"rendered":"<p>LLEGA PRIMER GRUPO DE PERUANOS DE UCRANIA ESTA NOCHE LLEGAR\u00c1 NUEVO GRUPO &nbsp; Peri\u00f3dico Digital \u201cLa Regi\u00f3n Sur\u201d-06-marzo-22.- \u00a0El presidente de la Rep\u00fablica, Pedro Castillo, recibi\u00f3 anoche a 13 connacionales repatriados de Ucrania, quienes partieron desde Varsovia (Polonia) para reencontrarse con sus familiares en el pa\u00eds. Dicho grupo lo formaron diez adultos, entre ellos una &hellip;<\/p>\n","protected":false},"author":1,"featured_media":1661,"comment_status":"open","ping_status":"open","sticky":false,"template":"","format":"standard","meta":{"footnotes":""},"categories":[40],"tags":[],"class_list":["post-1660","post","type-post","status-publish","format-standard","has-post-thumbnail","","category-nacionales"],"_links":{"self":[{"href":"https:\/\/laregionsur.com\/index.php?rest_route=\/wp\/v2\/posts\/1660","targetHints":{"allow":["GET"]}}],"collection":[{"href":"https:\/\/laregionsur.com\/index.php?rest_route=\/wp\/v2\/posts"}],"about":[{"href":"https:\/\/laregionsur.com\/index.php?rest_route=\/wp\/v2\/types\/post"}],"author":[{"embeddable":true,"href":"https:\/\/laregionsur.com\/index.php?rest_route=\/wp\/v2\/users\/1"}],"replies":[{"embeddable":true,"href":"https:\/\/laregionsur.com\/index.php?rest_route=%2Fwp%2Fv2%2Fcomments&post=1660"}],"version-history":[{"count":0,"href":"https:\/\/laregionsur.com\/index.php?rest_route=\/wp\/v2\/posts\/1660\/revisions"}],"wp:featuredmedia":[{"embeddable":true,"href":"https:\/\/laregionsur.com\/index.php?rest_route=\/"}],"wp:attachment":[{"href":"https:\/\/laregionsur.com\/index.php?rest_route=%2Fwp%2Fv2%2Fmedia&parent=1660"}],"wp:term":[{"taxonomy":"category","embeddable":true,"href":"https:\/\/laregionsur.com\/index.php?rest_route=%2Fwp%2Fv2%2Fcategories&post=1660"},{"taxonomy":"post_tag","embeddable":true,"href":"https:\/\/laregionsur.com\/index.php?rest_route=%2Fwp%2Fv2%2Ftags&post=1660"}],"curies":[{"name":"wp","href":"https:\/\/api.w.org\/{rel}","templated":true}]}}