{"id":1583,"date":"2022-03-04T02:40:20","date_gmt":"2022-03-04T02:40:20","guid":{"rendered":"https:\/\/laregionsur.com\/?p=1583"},"modified":"2022-03-04T02:40:20","modified_gmt":"2022-03-04T02:40:20","slug":"congresista-karol-paredes-confirmo-renuncia-de-trabajadora-que-aparece-en-foto-con-karelim-lopez","status":"publish","type":"post","link":"https:\/\/laregionsur.com\/?p=1583","title":{"rendered":"CONGRESISTA KAROL PAREDES CONFIRM\u00d3 RENUNCIA DE  TRABAJADORA QUE APARECE EN FOTO CON KARELIM L\u00d3PEZ"},"content":{"rendered":"<p>CONGRESISTA KAROL PAREDES CONFIRM\u00d3 RENUNCIA DE<\/p>\n<p>TRABAJADORA QUE APARECE EN FOTO CON KARELIM L\u00d3PEZ<\/p>\n<p>&nbsp;<\/p>\n<ul>\n<li>La legisladora de Acci\u00f3n Popular, Karol Paredes, indic\u00f3 que la trabajadora que aparece en una fotograf\u00eda con Karelim L\u00f3pez present\u00f3 su renuncia voluntaria. Adem\u00e1s, la tambi\u00e9n presidenta de la Comisi\u00f3n de \u00c9tica rechaz\u00f3 conocer a la empresaria investigada.<\/li>\n<\/ul>\n<p>&nbsp;<\/p>\n<p>Peri\u00f3dico Digital \u201cLa Regi\u00f3n Sur\u201d- 03 marzo-22.- \u00a0La presidenta de la Comisi\u00f3n de \u00c9tica del Congreso de la Rep\u00fablica, Karol Paredes (Acci\u00f3n Popular), se pronunci\u00f3 este jueves sobre la difusi\u00f3n de una fotograf\u00eda en la que se ve a una de las trabajadoras de su despacho con la empresaria Karelim L\u00f3pez.<\/p>\n<p>&nbsp;<\/p>\n<p>La legisladora indic\u00f3 que se trata de Angie Ruiz, quien trabaja en su despacho congresal como personal t\u00e9cnico y no asesora. Karol Paredes indic\u00f3 que Ruiz present\u00f3 su renuncia voluntaria tras conocerse sobre el presunto v\u00ednculo con Karelim L\u00f3pez.<\/p>\n<p>&nbsp;<\/p>\n<p>\u201cAcabo de enterarme por los medios esta noticia que se\u00f1ala que la se\u00f1ora Angie Ruiz tiene fotos con la se\u00f1ora Karelim L\u00f3pez, pero para ello y evitar cualquier situaci\u00f3n y para no entorpecer ning\u00fan proceso de investigaci\u00f3n, la se\u00f1ora Angie est\u00e1 dejando de laborar en mi despacho, ella no es asesora, ella es personal t\u00e9cnico\u201d, indic\u00f3 a RPP Noticias.<\/p>\n<p>NEG\u00d3 CONOCER A KARELIM L\u00d3PEZ<\/p>\n<p>La legisladora Karol Paredes manifest\u00f3 que Ruiz tiene \u201ctoda la predisposici\u00f3n de hacer las cosas bien\u201d y que su alejamiento de su despacho parlamentario se da con el fin de que se pueda aclarar qu\u00e9 v\u00ednculo tiene con la actual investigada por lavado de activos.<\/p>\n<p>&nbsp;<\/p>\n<p>En esa l\u00ednea, la titular de la Comisi\u00f3n de \u00c9tica parlamentaria neg\u00f3 conocer a Karelim L\u00f3pez, quien en su declaraci\u00f3n de aspirante a colaboradora eficaz ante el Ministerio P\u00fablico se\u00f1al\u00f3 que un grupo de 5 congresistas de Acci\u00f3n Popular estar\u00edan vinculados a una trama de corrupci\u00f3n junto con el Gobierno.<\/p>\n<p>Respecto de dicha declaraci\u00f3n, la legisladora se\u00f1al\u00f3 que es necesario dejar que las autoridades judiciales realicen su trabajo y determinen las responsabilidades tras las investigaci\u00f3n del caso.<\/p>\n<p>&nbsp;<\/p>\n<p>\u201cTenemos que esperar lo que el Ministerio P\u00fablico y las instancias responsables hagan el trabajo de investigaci\u00f3n como corresponde y a partir de ello poder emitir un juicio. Yo no puedo emitir ning\u00fan juicio mientras que no tengamos claridad con respecto a cada uno de estos supuestos actos\u201d, se\u00f1al\u00f3 a RPP Noticias.<\/p>\n","protected":false},"excerpt":{"rendered":"<p>CONGRESISTA KAROL PAREDES CONFIRM\u00d3 RENUNCIA DE TRABAJADORA QUE APARECE EN FOTO CON KARELIM L\u00d3PEZ &nbsp; La legisladora de Acci\u00f3n Popular, Karol Paredes, indic\u00f3 que la trabajadora que aparece en una fotograf\u00eda con Karelim L\u00f3pez present\u00f3 su renuncia voluntaria. Adem\u00e1s, la tambi\u00e9n presidenta de la Comisi\u00f3n de \u00c9tica rechaz\u00f3 conocer a la empresaria investigada. &nbsp; Peri\u00f3dico &hellip;<\/p>\n","protected":false},"author":1,"featured_media":1585,"comment_status":"open","ping_status":"open","sticky":false,"template":"","format":"standard","meta":{"footnotes":""},"categories":[40],"tags":[],"class_list":["post-1583","post","type-post","status-publish","format-standard","has-post-thumbnail","","category-nacionales"],"_links":{"self":[{"href":"https:\/\/laregionsur.com\/index.php?rest_route=\/wp\/v2\/posts\/1583","targetHints":{"allow":["GET"]}}],"collection":[{"href":"https:\/\/laregionsur.com\/index.php?rest_route=\/wp\/v2\/posts"}],"about":[{"href":"https:\/\/laregionsur.com\/index.php?rest_route=\/wp\/v2\/types\/post"}],"author":[{"embeddable":true,"href":"https:\/\/laregionsur.com\/index.php?rest_route=\/wp\/v2\/users\/1"}],"replies":[{"embeddable":true,"href":"https:\/\/laregionsur.com\/index.php?rest_route=%2Fwp%2Fv2%2Fcomments&post=1583"}],"version-history":[{"count":0,"href":"https:\/\/laregionsur.com\/index.php?rest_route=\/wp\/v2\/posts\/1583\/revisions"}],"wp:featuredmedia":[{"embeddable":true,"href":"https:\/\/laregionsur.com\/index.php?rest_route=\/"}],"wp:attachment":[{"href":"https:\/\/laregionsur.com\/index.php?rest_route=%2Fwp%2Fv2%2Fmedia&parent=1583"}],"wp:term":[{"taxonomy":"category","embeddable":true,"href":"https:\/\/laregionsur.com\/index.php?rest_route=%2Fwp%2Fv2%2Fcategories&post=1583"},{"taxonomy":"post_tag","embeddable":true,"href":"https:\/\/laregionsur.com\/index.php?rest_route=%2Fwp%2Fv2%2Ftags&post=1583"}],"curies":[{"name":"wp","href":"https:\/\/api.w.org\/{rel}","templated":true}]}}