{"id":1559,"date":"2022-03-03T01:46:14","date_gmt":"2022-03-03T01:46:14","guid":{"rendered":"https:\/\/laregionsur.com\/?p=1559"},"modified":"2022-03-03T01:46:14","modified_gmt":"2022-03-03T01:46:14","slug":"antivacunas-agreden-a-periodista-cuando-transmitia-en-vivo-la-marcha-del-personal-medico","status":"publish","type":"post","link":"https:\/\/laregionsur.com\/?p=1559","title":{"rendered":"ANTIVACUNAS AGREDEN A PERIODISTA CUANDO  TRANSMIT\u00cdA EN VIVO LA MARCHA DEL PERSONAL M\u00c9DICO"},"content":{"rendered":"<p>ANTIVACUNAS AGREDEN A PERIODISTA CUANDO<\/p>\n<p>TRANSMIT\u00cdA EN VIVO LA MARCHA DEL PERSONAL M\u00c9DICO<\/p>\n<p>&nbsp;<\/p>\n<p>* Sociedad Antivacunas agreden a periodista cuando transmit\u00eda en vivo la marcha del personal m\u00e9dico<\/p>\n<p>&nbsp;<\/p>\n<p>Peri\u00f3dico Digital \u201cLa Regi\u00f3n\u201d 02-Marzo-22.- Un grupo de personas antivacunas agredi\u00f3 a la periodista Mary Carmen Garc\u00eda Naranjo cuando se encontraba transmitiendo en vivo junto a los m\u00e9dicos que protestaban en contra del actual ministro de Salud.<\/p>\n<p>La joven reportera fue interrumpida por una turba de antivacunas, quienes se colocaron delante de la c\u00e1mara a empujones, le jalaron el cabello y le propinaron varios golpes en todo el cuerpo. Adem\u00e1s, la retuvieron durante varios minutos para evitar que se defendiera.<\/p>\n<p>La lamentable escena fue registrada por las c\u00e1maras. La trabajadora de Willax televisi\u00f3n tuvo que ser escoltada por miembros de la Polic\u00eda Nacional para poder refugiarse en su auto.<\/p>\n<p>Una de las mujeres que particip\u00f3 en el violento hecho fue intervenida e identificada como Nelly Marco Valerio. La afectada acudi\u00f3 hasta la comisar\u00eda de Jes\u00fas Mar\u00eda para realizar la denuncia correspondiente.<\/p>\n<p>COLEGIO DE PERIODISTAS DE LIMA SE PRONUNCIA<\/p>\n<p>Tras las agresiones registradas en contra de Mary Carmen Garc\u00eda Naranjo, el Colegio de Periodistas de Lima emiti\u00f3 un comunicado para rechazar la violencia perpetrada hacia la periodista y el camar\u00f3grafo \u00c1lvaro Zegarra.<\/p>\n<p>\u201cDemandamos a las autoridades competentes las medidas que garanticen la seguridad de los periodistas en el ejercicio de sus labores informativas\u201d, se\u00f1al\u00f3 la entidad a trav\u00e9s de un comunicado en sus canales oficiales. Asimismo, exigieron una \u201csanci\u00f3n ejemplar para los responsables de estos actos vand\u00e1licos\u201d. Fuente : La Republica.pe<\/p>\n","protected":false},"excerpt":{"rendered":"<p>ANTIVACUNAS AGREDEN A PERIODISTA CUANDO TRANSMIT\u00cdA EN VIVO LA MARCHA DEL PERSONAL M\u00c9DICO &nbsp; * Sociedad Antivacunas agreden a periodista cuando transmit\u00eda en vivo la marcha del personal m\u00e9dico &nbsp; Peri\u00f3dico Digital \u201cLa Regi\u00f3n\u201d 02-Marzo-22.- Un grupo de personas antivacunas agredi\u00f3 a la periodista Mary Carmen Garc\u00eda Naranjo cuando se encontraba transmitiendo en vivo junto &hellip;<\/p>\n","protected":false},"author":1,"featured_media":1560,"comment_status":"open","ping_status":"open","sticky":false,"template":"","format":"standard","meta":{"footnotes":""},"categories":[40],"tags":[],"class_list":["post-1559","post","type-post","status-publish","format-standard","has-post-thumbnail","","category-nacionales"],"_links":{"self":[{"href":"https:\/\/laregionsur.com\/index.php?rest_route=\/wp\/v2\/posts\/1559","targetHints":{"allow":["GET"]}}],"collection":[{"href":"https:\/\/laregionsur.com\/index.php?rest_route=\/wp\/v2\/posts"}],"about":[{"href":"https:\/\/laregionsur.com\/index.php?rest_route=\/wp\/v2\/types\/post"}],"author":[{"embeddable":true,"href":"https:\/\/laregionsur.com\/index.php?rest_route=\/wp\/v2\/users\/1"}],"replies":[{"embeddable":true,"href":"https:\/\/laregionsur.com\/index.php?rest_route=%2Fwp%2Fv2%2Fcomments&post=1559"}],"version-history":[{"count":0,"href":"https:\/\/laregionsur.com\/index.php?rest_route=\/wp\/v2\/posts\/1559\/revisions"}],"wp:featuredmedia":[{"embeddable":true,"href":"https:\/\/laregionsur.com\/index.php?rest_route=\/"}],"wp:attachment":[{"href":"https:\/\/laregionsur.com\/index.php?rest_route=%2Fwp%2Fv2%2Fmedia&parent=1559"}],"wp:term":[{"taxonomy":"category","embeddable":true,"href":"https:\/\/laregionsur.com\/index.php?rest_route=%2Fwp%2Fv2%2Fcategories&post=1559"},{"taxonomy":"post_tag","embeddable":true,"href":"https:\/\/laregionsur.com\/index.php?rest_route=%2Fwp%2Fv2%2Ftags&post=1559"}],"curies":[{"name":"wp","href":"https:\/\/api.w.org\/{rel}","templated":true}]}}