{"id":133385,"date":"2022-09-08T20:38:06","date_gmt":"2022-09-08T20:38:06","guid":{"rendered":"https:\/\/laregionsur.com\/?p=133385"},"modified":"2026-08-31T20:39:47","modified_gmt":"2026-08-31T20:39:47","slug":"conmocion-mundial-muere-la-reina-isabel-ii","status":"publish","type":"post","link":"https:\/\/laregionsur.com\/?p=133385","title":{"rendered":"Conmoci\u00f3n mundial: muere la reina Isabel II"},"content":{"rendered":"<p><strong>Conmoci\u00f3n mundial: muere la reina Isabel II<\/strong><\/p>\n<p><strong>Escribe: Aury Meneses<\/strong><\/p>\n<p><strong>08\/09\/2022.<\/strong><\/p>\n<p>El mundo qued\u00f3 conmocionado el 8 de septiembre de 2022 con la muerte de la reina Isabel II, quien falleci\u00f3 a los 96 a\u00f1os en el castillo de Balmoral, en Escocia, rodeada de sus familiares. Su partida puso fin al reinado m\u00e1s largo de la historia brit\u00e1nica, con m\u00e1s de siete d\u00e9cadas al frente de la Corona.<\/p>\n<p>La noticia gener\u00f3 numerosas muestras de pesar alrededor del mundo. L\u00edderes de distintos pa\u00edses expresaron sus condolencias a la familia real brit\u00e1nica y al pueblo del Reino Unido, destacando la extensa trayectoria de Isabel II y su presencia durante importantes acontecimientos hist\u00f3ricos del siglo XX y comienzos del XXI.<\/p>\n<p>En Am\u00e9rica Latina, diversos mandatarios tambi\u00e9n lamentaron su fallecimiento. La noticia ocup\u00f3 las portadas de medios internacionales y provoc\u00f3 homenajes y mensajes de despedida, mientras millones de personas recordaban la figura de una monarca que se convirti\u00f3 en uno de los personajes m\u00e1s reconocidos de la historia contempor\u00e1nea.<\/p>\n<p>Con su muerte, termin\u00f3 una era para la monarqu\u00eda brit\u00e1nica. Su hijo, Carlos III, asumi\u00f3 el trono, dando inicio a una nueva etapa para la Corona y para el Reino Unido. Q.D.E.P Reina Isabel.<\/p>\n<p>&nbsp;<\/p>\n","protected":false},"excerpt":{"rendered":"<p>Conmoci\u00f3n mundial: muere la reina Isabel II Escribe: Aury Meneses 08\/09\/2022. El mundo qued\u00f3 conmocionado el 8 de septiembre de 2022 con la muerte de la reina Isabel II, quien falleci\u00f3 a los 96 a\u00f1os en el castillo de Balmoral, en Escocia, rodeada de sus familiares. Su partida puso fin al reinado m\u00e1s largo de &hellip;<\/p>\n","protected":false},"author":3,"featured_media":133386,"comment_status":"open","ping_status":"open","sticky":false,"template":"","format":"standard","meta":{"footnotes":""},"categories":[252],"tags":[],"class_list":["post-133385","post","type-post","status-publish","format-standard","has-post-thumbnail","","category-aurita"],"_links":{"self":[{"href":"https:\/\/laregionsur.com\/index.php?rest_route=\/wp\/v2\/posts\/133385","targetHints":{"allow":["GET"]}}],"collection":[{"href":"https:\/\/laregionsur.com\/index.php?rest_route=\/wp\/v2\/posts"}],"about":[{"href":"https:\/\/laregionsur.com\/index.php?rest_route=\/wp\/v2\/types\/post"}],"author":[{"embeddable":true,"href":"https:\/\/laregionsur.com\/index.php?rest_route=\/wp\/v2\/users\/3"}],"replies":[{"embeddable":true,"href":"https:\/\/laregionsur.com\/index.php?rest_route=%2Fwp%2Fv2%2Fcomments&post=133385"}],"version-history":[{"count":1,"href":"https:\/\/laregionsur.com\/index.php?rest_route=\/wp\/v2\/posts\/133385\/revisions"}],"predecessor-version":[{"id":133387,"href":"https:\/\/laregionsur.com\/index.php?rest_route=\/wp\/v2\/posts\/133385\/revisions\/133387"}],"wp:featuredmedia":[{"embeddable":true,"href":"https:\/\/laregionsur.com\/index.php?rest_route=\/wp\/v2\/media\/133386"}],"wp:attachment":[{"href":"https:\/\/laregionsur.com\/index.php?rest_route=%2Fwp%2Fv2%2Fmedia&parent=133385"}],"wp:term":[{"taxonomy":"category","embeddable":true,"href":"https:\/\/laregionsur.com\/index.php?rest_route=%2Fwp%2Fv2%2Fcategories&post=133385"},{"taxonomy":"post_tag","embeddable":true,"href":"https:\/\/laregionsur.com\/index.php?rest_route=%2Fwp%2Fv2%2Ftags&post=133385"}],"curies":[{"name":"wp","href":"https:\/\/api.w.org\/{rel}","templated":true}]}}