{"id":133377,"date":"2026-08-31T20:18:22","date_gmt":"2026-08-31T20:18:22","guid":{"rendered":"https:\/\/laregionsur.com\/?p=133377"},"modified":"2026-08-31T20:18:29","modified_gmt":"2026-08-31T20:18:29","slug":"el-nino-que-viene-entre-la-alerta-cientifica-y-las-promesas-de-descolmatacion","status":"publish","type":"post","link":"https:\/\/laregionsur.com\/?p=133377","title":{"rendered":"EL NI\u00d1O QUE VIENE: ENTRE LA ALERTA CIENT\u00cdFICA Y LAS PROMESAS DE DESCOLMATACI\u00d3N."},"content":{"rendered":"<p>EL NI\u00d1O QUE VIENE: ENTRE LA ALERTA CIENT\u00cdFICA Y LAS PROMESAS DE DESCOLMATACI\u00d3N.<\/p>\n<p>* Se nombr\u00f3 la Mesa Directiva del Grupo Multipartidario para enfrentar el Fen\u00f3meno del Ni\u00f1o<\/p>\n<p>\u270d\ufe0fAury Meneses F.<\/p>\n<p>31\/08\/2026.<\/p>\n<p>La reciente audiencia p\u00fablica \u00abFen\u00f3meno El Ni\u00f1o: prevenci\u00f3n, respuesta y protecci\u00f3n de los territorios\u00bb organizada en el Congreso deja sobre la mesa una cruda realidad: el tiempo corre y el actual gobierno intenta recuperar los meses perdidos frente a la inminente amenaza clim\u00e1tica del periodo 2026-2027.\u00a0 Mientras los modelos cient\u00edficos confirman el desarrollo de un evento de moderado a fuerte, las autoridades peruanas finalmente han articulado un \u00abplan de batalla\u00bb que prioriza la acci\u00f3n urgente en las regiones m\u00e1s expuestas. El n\u00facleo del debate t\u00e9cnico de la jornada gir\u00f3 en torno al Decreto de Urgencia N.\u00b0 008-2026. Con esta norma legal, la Autoridad Nacional del Agua (ANA) tiene luz verde para intervenir de inmediato en \u00c1ncash, La Libertad, Lambayeque, Lima, Piura y Tumbes.<\/p>\n<p>El ministro de desarrollo agrario y riego, Marco Vinelli Ruiz, indic\u00f3 que la prioridad m\u00e1xima acordada es la limpieza y descolmataci\u00f3n de 536 puntos cr\u00edticos en los cauces de r\u00edos, empezando por el norte de la costa peruana hacia el centro. Se trata de una carrera contra el reloj, ya que se arrastra un preocupante retraso de casi seis meses en el inicio de estas obras preventivas. \u00bb El actual gobierno, no encontr\u00f3 ning\u00fan plan concreto de prevenci\u00f3n por parte del gobierno saliente\u00bb agreg\u00f3.<\/p>\n<p><strong>Un mar caliente y muelles vac\u00edos<\/strong><\/p>\n<p>Sin embargo, la crisis m\u00e1s silenciosa y devastadora no est\u00e1 en los r\u00edos, sino en el oc\u00e9ano. Durante la audiencia se expuso con alarma el severo impacto del calentamiento del mar, que ha originado que la anchoveta contin\u00fae muriendo en masa y que sus niveles de reproducci\u00f3n caigan cr\u00edticamente. Esta alteraci\u00f3n ha golpeado directamente a la pesca artesanal; especies tradicionales de consumo popular (como el pejerrey) se han alejado por completo de la zona costera buscando aguas m\u00e1s fr\u00edas o profundas, dejando los muelles desabastecidos y los botes varados.<\/p>\n<p>Ante este panorama de caletas vac\u00edas, el salvavidas financiero aprobado por el Ejecutivo cobra mayor relevancia. Se ha dispuesto una respuesta preventiva que supera los 62 millones de soles orientada a otorgar cr\u00e9ditos, asistencia t\u00e9cnica y mantenimiento de infraestructura para pescadores artesanales, acuicultores y peque\u00f1as empresas. Asimismo, la reciente declaraci\u00f3n de emergencia del sector pesca por 120 d\u00edas busca mitigar el desplome de una actividad que ya se contrajo m\u00e1s del 30% en la primera mitad del a\u00f1o.<\/p>\n<p>Por el lado t\u00e9cnico, los escenarios planteados por el Senamhi y el Sernanp configuran un mapa de dos realidades: lluvias intensas e inundaciones en el norte y la costa central, y sequ\u00edas en la zona andina sur. Ante esta dualidad, la respuesta del Estado no puede ser uniforme. Queda la tarea pendiente en el Legislativo de aprobar los cr\u00e9ditos suplementarios que exigen las regiones para financiar m\u00e1s defensas ribere\u00f1as antes de que comiencen las precipitaciones.\u00a0 La advertencia est\u00e1 hecha; la capacidad de resistencia del pa\u00eds depender\u00e1 de que el asfalto y el presupuesto caminen m\u00e1s r\u00e1pido que las nubes de El Ni\u00f1o. El evento \u00a0organizado por el Grupo Multipartidario integrado por diputados y senadores, se realiz\u00f3 el 31 de agosto,en el auditorio Alberto Andrade, del Congreso de la Rep\u00fablica.<\/p>\n<p><img loading=\"lazy\" decoding=\"async\" class=\"alignnone size-medium wp-image-133379\" src=\"https:\/\/laregionsur.com\/wp-content\/uploads\/2026\/08\/AUR-300x257.jpg\" alt=\"\" width=\"300\" height=\"257\" srcset=\"https:\/\/laregionsur.com\/wp-content\/uploads\/2026\/08\/AUR-300x257.jpg 300w, https:\/\/laregionsur.com\/wp-content\/uploads\/2026\/08\/AUR-1024x876.jpg 1024w, https:\/\/laregionsur.com\/wp-content\/uploads\/2026\/08\/AUR-768x657.jpg 768w, https:\/\/laregionsur.com\/wp-content\/uploads\/2026\/08\/AUR-1536x1314.jpg 1536w, https:\/\/laregionsur.com\/wp-content\/uploads\/2026\/08\/AUR.jpg 1600w\" sizes=\"auto, (max-width: 300px) 100vw, 300px\" \/> <img loading=\"lazy\" decoding=\"async\" class=\"alignnone size-medium wp-image-133380\" src=\"https:\/\/laregionsur.com\/wp-content\/uploads\/2026\/08\/AU-1-300x145.jpg\" alt=\"\" width=\"300\" height=\"145\" srcset=\"https:\/\/laregionsur.com\/wp-content\/uploads\/2026\/08\/AU-1-300x145.jpg 300w, https:\/\/laregionsur.com\/wp-content\/uploads\/2026\/08\/AU-1-1024x496.jpg 1024w, https:\/\/laregionsur.com\/wp-content\/uploads\/2026\/08\/AU-1-768x372.jpg 768w, https:\/\/laregionsur.com\/wp-content\/uploads\/2026\/08\/AU-1.jpg 1506w\" sizes=\"auto, (max-width: 300px) 100vw, 300px\" \/><\/p>\n","protected":false},"excerpt":{"rendered":"<p>EL NI\u00d1O QUE VIENE: ENTRE LA ALERTA CIENT\u00cdFICA Y LAS PROMESAS DE DESCOLMATACI\u00d3N. * Se nombr\u00f3 la Mesa Directiva del Grupo Multipartidario para enfrentar el Fen\u00f3meno del Ni\u00f1o \u270d\ufe0fAury Meneses F. 31\/08\/2026. La reciente audiencia p\u00fablica \u00abFen\u00f3meno El Ni\u00f1o: prevenci\u00f3n, respuesta y protecci\u00f3n de los territorios\u00bb organizada en el Congreso deja sobre la mesa una &hellip;<\/p>\n","protected":false},"author":3,"featured_media":133378,"comment_status":"open","ping_status":"open","sticky":false,"template":"","format":"standard","meta":{"footnotes":""},"categories":[245,61,246,252,38,249,56,39,40,63,44,250],"tags":[],"class_list":["post-133377","post","type-post","status-publish","format-standard","has-post-thumbnail","","category-apurimac","category-arequipa","category-cajamarca","category-aurita","category-editorial","category-grupo_mexico","category-finance","category-stock-market","category-nacionales","category-puno","category-global-trade","category-tia_maria"],"_links":{"self":[{"href":"https:\/\/laregionsur.com\/index.php?rest_route=\/wp\/v2\/posts\/133377","targetHints":{"allow":["GET"]}}],"collection":[{"href":"https:\/\/laregionsur.com\/index.php?rest_route=\/wp\/v2\/posts"}],"about":[{"href":"https:\/\/laregionsur.com\/index.php?rest_route=\/wp\/v2\/types\/post"}],"author":[{"embeddable":true,"href":"https:\/\/laregionsur.com\/index.php?rest_route=\/wp\/v2\/users\/3"}],"replies":[{"embeddable":true,"href":"https:\/\/laregionsur.com\/index.php?rest_route=%2Fwp%2Fv2%2Fcomments&post=133377"}],"version-history":[{"count":1,"href":"https:\/\/laregionsur.com\/index.php?rest_route=\/wp\/v2\/posts\/133377\/revisions"}],"predecessor-version":[{"id":133381,"href":"https:\/\/laregionsur.com\/index.php?rest_route=\/wp\/v2\/posts\/133377\/revisions\/133381"}],"wp:featuredmedia":[{"embeddable":true,"href":"https:\/\/laregionsur.com\/index.php?rest_route=\/wp\/v2\/media\/133378"}],"wp:attachment":[{"href":"https:\/\/laregionsur.com\/index.php?rest_route=%2Fwp%2Fv2%2Fmedia&parent=133377"}],"wp:term":[{"taxonomy":"category","embeddable":true,"href":"https:\/\/laregionsur.com\/index.php?rest_route=%2Fwp%2Fv2%2Fcategories&post=133377"},{"taxonomy":"post_tag","embeddable":true,"href":"https:\/\/laregionsur.com\/index.php?rest_route=%2Fwp%2Fv2%2Ftags&post=133377"}],"curies":[{"name":"wp","href":"https:\/\/api.w.org\/{rel}","templated":true}]}}